{"id":28856,"date":"2021-11-24T11:04:58","date_gmt":"2021-11-24T14:04:58","guid":{"rendered":"https:\/\/pinews.com.br\/?p=28856"},"modified":"2021-11-24T11:04:58","modified_gmt":"2021-11-24T14:04:58","slug":"seca-no-piaui-governo-reconhece-situacao-de-emergencia-em-curral-novo-do-piaui-e-jaicos","status":"publish","type":"post","link":"https:\/\/pinews.com.br\/index.php\/2021\/11\/24\/seca-no-piaui-governo-reconhece-situacao-de-emergencia-em-curral-novo-do-piaui-e-jaicos\/","title":{"rendered":"Seca no Piau\u00ed: governo reconhece situa\u00e7\u00e3o de emerg\u00eancia em Curral Novo do Piau\u00ed e Jaic\u00f3s"},"content":{"rendered":"\n<p>O Governo Federal, por meio do Minist\u00e9rio do Desenvolvimento Regional (MDR), reconheceu, nesta ter\u00e7a-feira (23), a situa\u00e7\u00e3o de emerg\u00eancia nos munic\u00edpios piauienses Curral Novo do Piau\u00ed e Jaic\u00f3s, devido \u00e0 aus\u00eancia de chuvas. <\/p>\n\n\n\n<p>Com o reconhecimento federal, os gestores municipais podem pedir apoio financeiro ao MDR para atendimento \u00e0 popula\u00e7\u00e3o atingida, al\u00e9m de restabelecimento de servi\u00e7os essenciais e reconstru\u00e7\u00e3o de infraestruturas p\u00fablicas danificadas.<\/p>\n\n\n\n<p>Com base nas informa\u00e7\u00f5es enviadas por meio do Sistema Integrado de Informa\u00e7\u00f5es sobre Desastres (S2iD), a equipe t\u00e9cnica da Defesa Civil Nacional avalia as metas e os valores solicitados. Com a aprova\u00e7\u00e3o, \u00e9 publicada portaria no Di\u00e1rio Oficial da Uni\u00e3o com a especifica\u00e7\u00e3o do valor a ser liberado.<\/p>\n\n\n\n<p>Al\u00e9m de Curral Novo do Piau\u00ed e Jaic\u00f3s, outros oito munic\u00edpios do estado est\u00e3o em situa\u00e7\u00e3o de emerg\u00eancia, s\u00e3o eles: Bet\u00e2nia do Piau\u00ed, Coronel Jos\u00e9 Dias, Dom Inoc\u00eancio, Jacobina do Piau\u00ed, Patos do Piau\u00ed, Paulistana, Sim\u00f5es e S\u00e3o Raimundo Nonato. <\/p>\n\n\n\n<p><strong>Fonte: Portal O Dia<\/strong><\/p>\n","protected":false},"excerpt":{"rendered":"<p>O Governo Federal, por meio do Minist\u00e9rio do Desenvolvimento Regional (MDR), reconheceu, nesta ter\u00e7a-feira (23), a situa\u00e7\u00e3o de emerg\u00eancia nos munic\u00edpios piauienses Curral Novo do Piau\u00ed e Jaic\u00f3s, devido \u00e0 aus\u00eancia de chuvas. Com o reconhecimento federal, os gestores municipais podem pedir apoio financeiro ao MDR para atendimento \u00e0 popula\u00e7\u00e3o atingida, al\u00e9m de restabelecimento de [&hellip;]<\/p>\n","protected":false},"author":1,"featured_media":28857,"comment_status":"open","ping_status":"open","sticky":false,"template":"","format":"standard","meta":{"beyondwords_generate_audio":"","beyondwords_project_id":"","beyondwords_podcast_id":"","beyondwords_hash":"","beyondwords_error_message":"","beyondwords_disabled":"","publish_post_to_speechkit":"","speechkit_generate_audio":"","speechkit_project_id":"","speechkit_podcast_id":"","speechkit_hash":"","speechkit_error_message":"","speechkit_disabled":"","speechkit_access_key":"","speechkit_error":"","speechkit_info":"","speechkit_response":"","speechkit_retries":"","_speechkit_link":"","_speechkit_text":""},"categories":[264,124,51],"tags":[7698,44,46,5611,458,265,508,52,8576,1690,799],"jetpack_featured_media_url":"","_links":{"self":[{"href":"https:\/\/pinews.com.br\/index.php\/wp-json\/wp\/v2\/posts\/28856"}],"collection":[{"href":"https:\/\/pinews.com.br\/index.php\/wp-json\/wp\/v2\/posts"}],"about":[{"href":"https:\/\/pinews.com.br\/index.php\/wp-json\/wp\/v2\/types\/post"}],"author":[{"embeddable":true,"href":"https:\/\/pinews.com.br\/index.php\/wp-json\/wp\/v2\/users\/1"}],"replies":[{"embeddable":true,"href":"https:\/\/pinews.com.br\/index.php\/wp-json\/wp\/v2\/comments?post=28856"}],"version-history":[{"count":0,"href":"https:\/\/pinews.com.br\/index.php\/wp-json\/wp\/v2\/posts\/28856\/revisions"}],"wp:featuredmedia":[{"embeddable":true,"href":"https:\/\/pinews.com.br\/index.php\/wp-json\/"}],"wp:attachment":[{"href":"https:\/\/pinews.com.br\/index.php\/wp-json\/wp\/v2\/media?parent=28856"}],"wp:term":[{"taxonomy":"category","embeddable":true,"href":"https:\/\/pinews.com.br\/index.php\/wp-json\/wp\/v2\/categories?post=28856"},{"taxonomy":"post_tag","embeddable":true,"href":"https:\/\/pinews.com.br\/index.php\/wp-json\/wp\/v2\/tags?post=28856"}],"curies":[{"name":"wp","href":"https:\/\/api.w.org\/{rel}","templated":true}]}}