{"id":28905,"date":"2021-11-25T20:18:17","date_gmt":"2021-11-25T23:18:17","guid":{"rendered":"https:\/\/pinews.com.br\/?p=28905"},"modified":"2021-11-25T20:18:17","modified_gmt":"2021-11-25T23:18:17","slug":"motorista-de-ambulancia-morre-em-acidente-na-br-135-ao-transportar-tres-pessoas","status":"publish","type":"post","link":"https:\/\/pinews.com.br\/index.php\/2021\/11\/25\/motorista-de-ambulancia-morre-em-acidente-na-br-135-ao-transportar-tres-pessoas\/","title":{"rendered":"Motorista de ambul\u00e2ncia morre em acidente na BR-135 ao transportar tr\u00eas pessoas"},"content":{"rendered":"\n<p>Um grave acidente que aconteceu no in\u00edcio da manh\u00e3 desta quinta-feira (25), na BR-135, em Gilbu\u00e9s (a 765 km de Teresina), causou a morte imediata do motorista de uma ambul\u00e2ncia, de 48 anos, identificado como Eliecim Neres. As informa\u00e7\u00f5es s\u00e3o de que ele perdeu o controle do ve\u00edculo e colidiu em uma \u00e1rvore ao fazer a transfer\u00eancia de um paciente do&nbsp;Hospital Dr. Jo\u00e3o Pacheco Cavalcante, em Corrente, para Teresina .&nbsp;<\/p>\n\n\n\n<p>Segundo a Pol\u00edcia Rodovi\u00e1ria Federal (PRF), dentro da ambul\u00e2ncia, al\u00e9m do motorista, havia tr\u00eas pessoas: um homem de 54 anos, estava na condi\u00e7\u00e3o de paciente transportado e saiu ileso; um jovem de 25 anos, filho do paciente [sofreu les\u00e3o grave e fraturou o f\u00eamur] e uma&nbsp; t\u00e9cnica de enfermagem, que tamb\u00e9m ficou ilesa.<\/p>\n\n\n\n<p>De acordo com a PRF, foi constatado que um dos ocupantes, o filho do paciente transportado na ambul\u00e2ncia que sofreu les\u00e3o grave, estava sem cinto de seguran\u00e7a.<\/p>\n\n\n\n<p>Os policiais foram at\u00e9 o local do acidente e verificaram, preliminarmente, que o condutor ambul\u00e2ncia possivelmente perdeu o controle do ve\u00edculo, saiu da pista e colidiu lateralmente na \u00e1rvore.&nbsp;<\/p>\n\n\n\n<p>O SAMU foi acionado e os ocupantes da ambul\u00e2ncia foram encaminhados ao Hospital de Gilbu\u00e9s.&nbsp;<\/p>\n\n\n\n<p>Em nota, a dire\u00e7\u00e3o geral do Hospital Dr. Jo\u00e3o Pacheco Cavalcante, em Corrente, onde o motorista da ambul\u00e2ncia era servidor h\u00e1 dois anos, lamentou a morte e disse que v\u00edtima era um profissional exemplar.<\/p>\n\n\n\n<figure class=\"wp-block-image\"><img decoding=\"async\" src=\"https:\/\/cidadeverde.com\/assets\/uploads\/noticias\/23469365957fa4cea72e36d150ebfceb.jpg\" alt=\"\"\/><\/figure>\n\n\n\n<p><strong>MORTES NA BR-135<\/strong><\/p>\n\n\n\n<p>Um levantamento divulgado pela PRF-PI apontou uma m\u00e9dia de um \u00f3bito a cada 10 acidentes na BR-135. Segundo o balan\u00e7o divulgado ao <em>Cidadeverde.com<\/em>, nos 10 primeiros meses de 2021 foram registrados 127 acidentes e 12 \u00f3bitos na BR-135. <\/p>\n\n\n\n<figure class=\"wp-block-image\"><img decoding=\"async\" src=\"https:\/\/cidadeverde.com\/assets\/uploads\/noticias\/ef68abfa0701f0efd99da385cc7d12ab.jpg\" alt=\"\"\/><figcaption><em>Foto: Divulga\u00e7\u00e3o\/PRF-PI<\/em><\/figcaption><\/figure>\n\n\n\n<figure class=\"wp-block-image\"><img decoding=\"async\" src=\"https:\/\/cidadeverde.com\/assets\/uploads\/noticias\/6163a42831d2f73032ebe47eba26e0fb.jpg\" alt=\"\"\/><figcaption><em>Foto: Divulga\u00e7\u00e3o\/PRF-PI<\/em><\/figcaption><\/figure>\n\n\n\n<p><strong>Fonte: Nataniel Lima\/ Cidade Verde\/ Com informa\u00e7\u00f5es da PRF-PI<\/strong><\/p>\n","protected":false},"excerpt":{"rendered":"<p>Um grave acidente que aconteceu no in\u00edcio da manh\u00e3 desta quinta-feira (25), na BR-135, em Gilbu\u00e9s (a 765 km de Teresina), causou a morte imediata do motorista de uma ambul\u00e2ncia, de 48 anos, identificado como Eliecim Neres. As informa\u00e7\u00f5es s\u00e3o de que ele perdeu o controle do ve\u00edculo e colidiu em uma \u00e1rvore ao fazer [&hellip;]<\/p>\n","protected":false},"author":1,"featured_media":28907,"comment_status":"open","ping_status":"open","sticky":false,"template":"","format":"standard","meta":{"beyondwords_generate_audio":"","beyondwords_project_id":"","beyondwords_podcast_id":"","beyondwords_hash":"","beyondwords_error_message":"","beyondwords_disabled":"","publish_post_to_speechkit":"","speechkit_generate_audio":"","speechkit_project_id":"","speechkit_podcast_id":"","speechkit_hash":"","speechkit_error_message":"","speechkit_disabled":"","speechkit_access_key":"","speechkit_error":"","speechkit_info":"","speechkit_response":"","speechkit_retries":"","_speechkit_link":"","_speechkit_text":""},"categories":[51],"tags":[176,1940,132,224,44,46,119,58,91,259,5396,239],"jetpack_featured_media_url":"","_links":{"self":[{"href":"https:\/\/pinews.com.br\/index.php\/wp-json\/wp\/v2\/posts\/28905"}],"collection":[{"href":"https:\/\/pinews.com.br\/index.php\/wp-json\/wp\/v2\/posts"}],"about":[{"href":"https:\/\/pinews.com.br\/index.php\/wp-json\/wp\/v2\/types\/post"}],"author":[{"embeddable":true,"href":"https:\/\/pinews.com.br\/index.php\/wp-json\/wp\/v2\/users\/1"}],"replies":[{"embeddable":true,"href":"https:\/\/pinews.com.br\/index.php\/wp-json\/wp\/v2\/comments?post=28905"}],"version-history":[{"count":0,"href":"https:\/\/pinews.com.br\/index.php\/wp-json\/wp\/v2\/posts\/28905\/revisions"}],"wp:featuredmedia":[{"embeddable":true,"href":"https:\/\/pinews.com.br\/index.php\/wp-json\/"}],"wp:attachment":[{"href":"https:\/\/pinews.com.br\/index.php\/wp-json\/wp\/v2\/media?parent=28905"}],"wp:term":[{"taxonomy":"category","embeddable":true,"href":"https:\/\/pinews.com.br\/index.php\/wp-json\/wp\/v2\/categories?post=28905"},{"taxonomy":"post_tag","embeddable":true,"href":"https:\/\/pinews.com.br\/index.php\/wp-json\/wp\/v2\/tags?post=28905"}],"curies":[{"name":"wp","href":"https:\/\/api.w.org\/{rel}","templated":true}]}}