{"id":28939,"date":"2021-11-26T19:47:42","date_gmt":"2021-11-26T22:47:42","guid":{"rendered":"https:\/\/pinews.com.br\/?p=28939"},"modified":"2021-11-26T19:47:42","modified_gmt":"2021-11-26T22:47:42","slug":"carro-da-vacina-passa-pelas-rua-de-campo-grande-do-piaui-em-busca-de-pessoas-que-nao-se-vacinaram-contra-covid-19","status":"publish","type":"post","link":"https:\/\/pinews.com.br\/index.php\/2021\/11\/26\/carro-da-vacina-passa-pelas-rua-de-campo-grande-do-piaui-em-busca-de-pessoas-que-nao-se-vacinaram-contra-covid-19\/","title":{"rendered":"&#8216;Carro da vacina&#8217; passa pelas rua de Campo Grande do Piau\u00ed em busca de pessoas que n\u00e3o se vacinaram contra Covid-19"},"content":{"rendered":"\n<p>Profissionais de sa\u00fade de Campo Grande do Piau\u00ed, 362 km ao Sul de Teresina, resolveram inovar na busca ativa da popula\u00e7\u00e3o que n\u00e3o se vacinou contra Covid-19 na regi\u00e3o. Um carro de som convocava os moradores a comparecer ao &#8220;carro da vacina&#8221;, uma ambul\u00e2ncia equipada e estruturada para vacinar as pessoas na porta de casa.<\/p>\n\n\n\n<p>De acordo com o enfermeiro e coordenador de imuniza\u00e7\u00e3o da cidade, Dayro Coutinho, a ideia surgiu ap\u00f3s a equipe detectar uma evas\u00e3o do p\u00fablico no retorno aos postos para segunda dose, principalmente no p\u00fablico de 12 a 24 anos.<\/p>\n\n\n\n<p>&#8220;No decorrer da campanha, percebemos atrav\u00e9s dos relat\u00f3rios vacinais que a popula\u00e7\u00e3o entre 12 e 24 anos estava tendo uma grande evas\u00e3o na segunda dose. Realizamos in\u00fameras chamadas, busca ativa nas unidades de sa\u00fade, mesmo assim os n\u00fameros continuavam nos preocupando&#8221;, contou Dayro.<\/p>\n\n\n\n<p>Ap\u00f3s a baixa ades\u00e3o mesmo com a busca ativa, a equipe resolveu inovar com a vacina\u00e7\u00e3o de porta em porta. A ambul\u00e2ncia da cidade foi equipada e decorada, e acompanhada por um carro de som, percorreu as principais vias da cidade das 17h as 23h.<\/p>\n\n\n\n<p>Ainda segundo Dayro, a a\u00e7\u00e3o, cuja meta era vacinar o maior n\u00famero de pessoas poss\u00edvel, teve uma boa receptividade por parte da popula\u00e7\u00e3o.<\/p>\n\n\n\n<blockquote class=\"wp-block-quote\"><p>&#8220;A popula\u00e7\u00e3o literalmente abra\u00e7ou a causa, era vis\u00edvel o sentimento de alegria em ver a nossa a\u00e7\u00e3o, pois aproximou a vacina de pessoas acamadas, que n\u00e3o tinham disponibilidade de transporte, e sem falar que foi um momento de muita intera\u00e7\u00e3o&#8221;, declarou Dayro.<\/p><\/blockquote>\n\n\n\n<p>O coordenador informou que ap\u00f3s o sucesso da primeira campanha, a a\u00e7\u00e3o vai continuar pelas comunidades da zona rural, visando democratizar ainda mais o acesso \u00e0 vacina contra Covid-19 para popula\u00e7\u00e3o local.<\/p>\n\n\n\n<p>&#8220;Ser\u00e1 uma esp\u00e9cie de campanha essa estrat\u00e9gia. Fizemos na zona urbana e vamos estender para zona rural, comunidades com n\u00famero populacional consider\u00e1vel&#8221;, explicou.<\/p>\n\n\n\n<p><strong>Fonte: G1 PI<\/strong><\/p>\n","protected":false},"excerpt":{"rendered":"<p>Profissionais de sa\u00fade de Campo Grande do Piau\u00ed, 362 km ao Sul de Teresina, resolveram inovar na busca ativa da popula\u00e7\u00e3o que n\u00e3o se vacinou contra Covid-19 na regi\u00e3o. Um carro de som convocava os moradores a comparecer ao &#8220;carro da vacina&#8221;, uma ambul\u00e2ncia equipada e estruturada para vacinar as pessoas na porta de casa. [&hellip;]<\/p>\n","protected":false},"author":1,"featured_media":28940,"comment_status":"open","ping_status":"open","sticky":false,"template":"","format":"standard","meta":{"beyondwords_generate_audio":"","beyondwords_project_id":"","beyondwords_podcast_id":"","beyondwords_hash":"","beyondwords_error_message":"","beyondwords_disabled":"","publish_post_to_speechkit":"","speechkit_generate_audio":"","speechkit_project_id":"","speechkit_podcast_id":"","speechkit_hash":"","speechkit_error_message":"","speechkit_disabled":"","speechkit_access_key":"","speechkit_error":"","speechkit_info":"","speechkit_response":"","speechkit_retries":"","_speechkit_link":"","_speechkit_text":""},"categories":[263,124,51],"tags":[800,6300,62,294,5307,122,44,46,6074,653,369,6382,259,52,846,129,3178,8762],"jetpack_featured_media_url":"","_links":{"self":[{"href":"https:\/\/pinews.com.br\/index.php\/wp-json\/wp\/v2\/posts\/28939"}],"collection":[{"href":"https:\/\/pinews.com.br\/index.php\/wp-json\/wp\/v2\/posts"}],"about":[{"href":"https:\/\/pinews.com.br\/index.php\/wp-json\/wp\/v2\/types\/post"}],"author":[{"embeddable":true,"href":"https:\/\/pinews.com.br\/index.php\/wp-json\/wp\/v2\/users\/1"}],"replies":[{"embeddable":true,"href":"https:\/\/pinews.com.br\/index.php\/wp-json\/wp\/v2\/comments?post=28939"}],"version-history":[{"count":0,"href":"https:\/\/pinews.com.br\/index.php\/wp-json\/wp\/v2\/posts\/28939\/revisions"}],"wp:featuredmedia":[{"embeddable":true,"href":"https:\/\/pinews.com.br\/index.php\/wp-json\/"}],"wp:attachment":[{"href":"https:\/\/pinews.com.br\/index.php\/wp-json\/wp\/v2\/media?parent=28939"}],"wp:term":[{"taxonomy":"category","embeddable":true,"href":"https:\/\/pinews.com.br\/index.php\/wp-json\/wp\/v2\/categories?post=28939"},{"taxonomy":"post_tag","embeddable":true,"href":"https:\/\/pinews.com.br\/index.php\/wp-json\/wp\/v2\/tags?post=28939"}],"curies":[{"name":"wp","href":"https:\/\/api.w.org\/{rel}","templated":true}]}}