{"id":28946,"date":"2021-11-27T10:41:12","date_gmt":"2021-11-27T13:41:12","guid":{"rendered":"https:\/\/pinews.com.br\/?p=28946"},"modified":"2021-11-27T10:41:12","modified_gmt":"2021-11-27T13:41:12","slug":"mae-conclui-ensino-medio-aos-45-anos-e-faz-enem-2021-na-mesma-sala-que-a-filha-no-piaui","status":"publish","type":"post","link":"https:\/\/pinews.com.br\/index.php\/2021\/11\/27\/mae-conclui-ensino-medio-aos-45-anos-e-faz-enem-2021-na-mesma-sala-que-a-filha-no-piaui\/","title":{"rendered":"M\u00e3e conclui ensino m\u00e9dio aos 45 anos e faz Enem 2021 na mesma sala que a filha no Piau\u00ed"},"content":{"rendered":"\n<p>Aos 48 anos e ap\u00f3s finalizar o Ensino M\u00e9dio atrav\u00e9s do Educa\u00e7\u00e3o de Jovens e Adultos (EJA) em 2019, a dona de casa Elzida Gomes finalmente \u201centrou em uma sala para fazer a prova do Enem\u201d, depois de duas tentativas anteriores, em que mesmo inscrita, Elzilda n\u00e3o conseguiu sequer chegar ao local da prova.<\/p>\n\n\n\n<p>Segundo ela, os filhos tamb\u00e9m foram respons\u00e1veis por incentivar a m\u00e3e a se inscrever e estudar para os dois dias de prova.<\/p>\n\n\n\n<p>&#8220;Terminei o terceiro ano pelo EJA e fui incentivada a estudar pelos meus filhos, a estudar para o Enem e ent\u00e3o comecei a estudar. Mas s\u00f3 agora, depois de tr\u00eas anos que consegui entrar em uma sala para fazer a prova do Enem&#8221;, contou a dona de casa.<\/p>\n\n\n\n<p>Entretanto, o susto ap\u00f3s um acidente dom\u00e9stico em setembro onde fraturou a m\u00e3o esquerda fez com ela acreditasse que mais uma vez ia perder a prova, e assim adiasse o sonho de cursar psicologia.<\/p>\n\n\n\n<blockquote class=\"wp-block-quote\"><p>\u201cQuando sofri o acidente, que quebrei a m\u00e3o, pensei: \u2018De novo. Perdi a prova do Enem 2021\u2019; porque at\u00e9 ent\u00e3o, eu n\u00e3o tinha nem previs\u00e3o de quando ia tirar os ferros do meu bra\u00e7o e estava me incomodando muito, mas gra\u00e7as a Deus deu tudo certo\u201d, lembrou ela.<\/p><\/blockquote>\n\n\n\n<p>Elzilda conta tamb\u00e9m que a sua inscri\u00e7\u00e3o serviu de est\u00edmulo para filha Mariana Carvalho, que desistiu do Enem 2020 no primeiro dia de prova.<\/p>\n\n\n\n<p>Al\u00e9m da coincid\u00eancia das duas fazerem a prova pela primeira vez, outro fato chamou bastante aten\u00e7\u00e3o na hist\u00f3ria, ap\u00f3s conferir o local, as duas iriam fazer a prova na mesma sala. Neste domingo (28), as duas voltar\u00e3o a fazer prova juntas.<\/p>\n\n\n\n<h2>Prepara\u00e7\u00e3o conjunta para o Enem<\/h2>\n\n\n\n<p>Mariana lembrou que a m\u00e3e gostava de estudar sozinha, principalmente ap\u00f3s terminar o Ensino M\u00e9dio, mas em alguns momentos as duas compartilhavam conte\u00fados e falavam sobre o tema da reda\u00e7\u00e3o:<\/p>\n\n\n\n<p>&#8220;Ela sempre estudou por si s\u00f3 depois que terminou o ensino m\u00e9dio, e a gente sempre compartilhava assuntos sobre reda\u00e7\u00e3o e o que poderia cair na prova, assistia aula juntas tamb\u00e9m&#8221;, lembrou Mariana.<\/p>\n\n\n\n<h2>Coincid\u00eancia causou surpresa<\/h2>\n\n\n\n<figure class=\"wp-block-image\"><img decoding=\"async\" src=\"https:\/\/s2.glbimg.com\/B2lHktuLtzr4YodRhAmYzokmxHo=\/0x0:1156x1280\/984x0\/smart\/filters:strip_icc()\/i.s3.glbimg.com\/v1\/AUTH_59edd422c0c84a879bd37670ae4f538a\/internal_photos\/bs\/2021\/4\/u\/JAbhaXS1yCTcjUzxs2rg\/enem-2021.jpeg\" alt=\"M\u00e3e e filha fazem prova do Enem 2021 na mesma sala de aula em Teresina \u2014 Foto: Arquivo Pessoal\"\/><figcaption>M\u00e3e e filha fazem prova do Enem 2021 na mesma sala de aula em Teresina \u2014 Foto: Arquivo Pessoal<\/figcaption><\/figure>\n\n\n\n<p>De acordo com Mariana, fazer o Enem 2021 com a m\u00e3e foi bem tranquilo, apesar do espanto de muitos candidatos e pais que acompanhavam os filhos durante a manh\u00e3, j\u00e1 que eles acreditavam que a m\u00e3e estava ali apenas para acompanhar a filha e ficaram surpresos ao descobrir que Elzilda tamb\u00e9m iria fazer a prova.<\/p>\n\n\n\n<p>&#8220;Tinha algumas m\u00e3es que pensaram que era s\u00f3 eu que ia fazer e ela estava me acompanhando, esperando o port\u00e3o abrir para poder ir embora no caso. At\u00e9 descobrirem que ela tamb\u00e9m ia fazer&#8221;, contou a estudante.<\/p>\n\n\n\n<h2>Expectativa para o segundo dia<\/h2>\n\n\n\n<p>A dona de casa j\u00e1 est\u00e1 na expectativa pelo segundo dia de prova, neste domingo (28), e disse que est\u00e1 feliz s\u00f3 em conseguir entrar na Universidade Federal do Piau\u00ed para realizar a prova, mas assumiu que em alguns momentos pensou em desistir:<\/p>\n\n\n\n<p>\u201cA expectativa \u00e9 a melhor poss\u00edvel para a prova. Tenho estudado bastante, mas sempre bate aquele nervosismo de n\u00e3o cair o assunto que estudei. Mas a gente fica na melhor expectativa poss\u00edvel, ent\u00e3o tenho me preparado, me preparei esses tr\u00eas anos&#8221;, contou a candidata.<\/p>\n\n\n\n<p><strong>Fonte: G1 PI<\/strong><\/p>\n","protected":false},"excerpt":{"rendered":"<p>Aos 48 anos e ap\u00f3s finalizar o Ensino M\u00e9dio atrav\u00e9s do Educa\u00e7\u00e3o de Jovens e Adultos (EJA) em 2019, a dona de casa Elzida Gomes finalmente \u201centrou em uma sala para fazer a prova do Enem\u201d, depois de duas tentativas anteriores, em que mesmo inscrita, Elzilda n\u00e3o conseguiu sequer chegar ao local da prova. Segundo [&hellip;]<\/p>\n","protected":false},"author":1,"featured_media":28947,"comment_status":"open","ping_status":"open","sticky":false,"template":"","format":"standard","meta":{"beyondwords_generate_audio":"","beyondwords_project_id":"","beyondwords_podcast_id":"","beyondwords_hash":"","beyondwords_error_message":"","beyondwords_disabled":"","publish_post_to_speechkit":"","speechkit_generate_audio":"","speechkit_project_id":"","speechkit_podcast_id":"","speechkit_hash":"","speechkit_error_message":"","speechkit_disabled":"","speechkit_access_key":"","speechkit_error":"","speechkit_info":"","speechkit_response":"","speechkit_retries":"","_speechkit_link":"","_speechkit_text":""},"categories":[394,51],"tags":[2254,6620,82,142,7771,395,5526,963,358,117,5541,741,91,52,1002],"jetpack_featured_media_url":"","_links":{"self":[{"href":"https:\/\/pinews.com.br\/index.php\/wp-json\/wp\/v2\/posts\/28946"}],"collection":[{"href":"https:\/\/pinews.com.br\/index.php\/wp-json\/wp\/v2\/posts"}],"about":[{"href":"https:\/\/pinews.com.br\/index.php\/wp-json\/wp\/v2\/types\/post"}],"author":[{"embeddable":true,"href":"https:\/\/pinews.com.br\/index.php\/wp-json\/wp\/v2\/users\/1"}],"replies":[{"embeddable":true,"href":"https:\/\/pinews.com.br\/index.php\/wp-json\/wp\/v2\/comments?post=28946"}],"version-history":[{"count":0,"href":"https:\/\/pinews.com.br\/index.php\/wp-json\/wp\/v2\/posts\/28946\/revisions"}],"wp:featuredmedia":[{"embeddable":true,"href":"https:\/\/pinews.com.br\/index.php\/wp-json\/"}],"wp:attachment":[{"href":"https:\/\/pinews.com.br\/index.php\/wp-json\/wp\/v2\/media?parent=28946"}],"wp:term":[{"taxonomy":"category","embeddable":true,"href":"https:\/\/pinews.com.br\/index.php\/wp-json\/wp\/v2\/categories?post=28946"},{"taxonomy":"post_tag","embeddable":true,"href":"https:\/\/pinews.com.br\/index.php\/wp-json\/wp\/v2\/tags?post=28946"}],"curies":[{"name":"wp","href":"https:\/\/api.w.org\/{rel}","templated":true}]}}