{"id":29005,"date":"2021-11-30T10:21:22","date_gmt":"2021-11-30T13:21:22","guid":{"rendered":"https:\/\/pinews.com.br\/?p=29005"},"modified":"2021-11-30T10:21:22","modified_gmt":"2021-11-30T13:21:22","slug":"tres-sao-presos-por-furtos-de-pecas-de-ar-condicionado-e-computador-da-universidade-estadual-do-piaui","status":"publish","type":"post","link":"https:\/\/pinews.com.br\/index.php\/2021\/11\/30\/tres-sao-presos-por-furtos-de-pecas-de-ar-condicionado-e-computador-da-universidade-estadual-do-piaui\/","title":{"rendered":"Tr\u00eas s\u00e3o presos por furtos de pe\u00e7as de ar condicionado  e computador da Universidade Estadual do Piau\u00ed"},"content":{"rendered":"\n<p>Dois homens foram presos em flagrante, na manh\u00e3 de segunda-feira (29), suspeitos de furto na Universidade Estadual do Piau\u00ed, campus Uni\u00e3o. Segundo a Pol\u00edcia Militar, foram levadas pe\u00e7as de um ar condicionado e parte de uma CPU, item de processamento de um computador. Uma terceira pessoa foi presa por recepta\u00e7\u00e3o.<\/p>\n\n\n\n<p>De acordo com o comandante da PM do munic\u00edpio, tenente Zenon de Moura, testemunhas denunciaram o crime por volta das 9h30. Pr\u00f3ximo ao local, um dos suspeitos foi preso.<\/p>\n\n\n\n<blockquote class=\"wp-block-quote\"><p>\u201cEle confessou a autoria do fato e apontou seu comparsa, que logo em seguida foi localizado e, ap\u00f3s uma tentativa de fuga, detido. Vale ressaltar que ele saiu do pres\u00eddio h\u00e1 uma semana e tirou a tornozeleira eletr\u00f4nica, descumprindo uma medida cautelar imposta pelo poder judici\u00e1rio\u201d, informou o comandante Zenon.<\/p><\/blockquote>\n\n\n\n<p>Ao serem presos, os suspeitos relataram que&nbsp;parte do material furtado foi vendida. Conforme a PM, o comprador tamb\u00e9m foi localizado e pode responder pelo crime de recepta\u00e7\u00e3o.<\/p>\n\n\n\n<p>Os tr\u00eas homens foram conduzidos para a Central de Flagrantes, onde passar\u00e3o pelos procedimentos legais.<\/p>\n\n\n\n<p><strong>Fonte: G1 PI<\/strong><\/p>\n","protected":false},"excerpt":{"rendered":"<p>Dois homens foram presos em flagrante, na manh\u00e3 de segunda-feira (29), suspeitos de furto na Universidade Estadual do Piau\u00ed, campus Uni\u00e3o. Segundo a Pol\u00edcia Militar, foram levadas pe\u00e7as de um ar condicionado e parte de uma CPU, item de processamento de um computador. Uma terceira pessoa foi presa por recepta\u00e7\u00e3o. De acordo com o comandante [&hellip;]<\/p>\n","protected":false},"author":1,"featured_media":29006,"comment_status":"open","ping_status":"open","sticky":false,"template":"","format":"standard","meta":{"beyondwords_generate_audio":"","beyondwords_project_id":"","beyondwords_podcast_id":"","beyondwords_hash":"","beyondwords_error_message":"","beyondwords_disabled":"","publish_post_to_speechkit":"","speechkit_generate_audio":"","speechkit_project_id":"","speechkit_podcast_id":"","speechkit_hash":"","speechkit_error_message":"","speechkit_disabled":"","speechkit_access_key":"","speechkit_error":"","speechkit_info":"","speechkit_response":"","speechkit_retries":"","_speechkit_link":"","_speechkit_text":""},"categories":[51,78],"tags":[6245,6664,6246,122,44,7819,8007,1992,52,59,600,362,239,9524],"jetpack_featured_media_url":"","_links":{"self":[{"href":"https:\/\/pinews.com.br\/index.php\/wp-json\/wp\/v2\/posts\/29005"}],"collection":[{"href":"https:\/\/pinews.com.br\/index.php\/wp-json\/wp\/v2\/posts"}],"about":[{"href":"https:\/\/pinews.com.br\/index.php\/wp-json\/wp\/v2\/types\/post"}],"author":[{"embeddable":true,"href":"https:\/\/pinews.com.br\/index.php\/wp-json\/wp\/v2\/users\/1"}],"replies":[{"embeddable":true,"href":"https:\/\/pinews.com.br\/index.php\/wp-json\/wp\/v2\/comments?post=29005"}],"version-history":[{"count":0,"href":"https:\/\/pinews.com.br\/index.php\/wp-json\/wp\/v2\/posts\/29005\/revisions"}],"wp:featuredmedia":[{"embeddable":true,"href":"https:\/\/pinews.com.br\/index.php\/wp-json\/"}],"wp:attachment":[{"href":"https:\/\/pinews.com.br\/index.php\/wp-json\/wp\/v2\/media?parent=29005"}],"wp:term":[{"taxonomy":"category","embeddable":true,"href":"https:\/\/pinews.com.br\/index.php\/wp-json\/wp\/v2\/categories?post=29005"},{"taxonomy":"post_tag","embeddable":true,"href":"https:\/\/pinews.com.br\/index.php\/wp-json\/wp\/v2\/tags?post=29005"}],"curies":[{"name":"wp","href":"https:\/\/api.w.org\/{rel}","templated":true}]}}