{"id":29063,"date":"2021-12-01T20:14:22","date_gmt":"2021-12-01T23:14:22","guid":{"rendered":"https:\/\/pinews.com.br\/?p=29063"},"modified":"2021-12-01T20:14:22","modified_gmt":"2021-12-01T23:14:22","slug":"gatos-sao-encontrados-mortos-com-sinais-de-envenenamento-no-mercado-publico-de-picos","status":"publish","type":"post","link":"https:\/\/pinews.com.br\/index.php\/2021\/12\/01\/gatos-sao-encontrados-mortos-com-sinais-de-envenenamento-no-mercado-publico-de-picos\/","title":{"rendered":"Gatos s\u00e3o encontrados mortos com sinais de envenenamento no mercado p\u00fablico de Picos"},"content":{"rendered":"\n<p>Cinco gatos de rua foram encontrados mortos nesta ter\u00e7a-feira (1\u00ba) no Mercado P\u00fablico de Picos, Sul do Piau\u00ed. Os pr\u00f3prios vendedores registraram boletim de ocorr\u00eancia sobre o caso.<\/p>\n\n\n\n<p>O g1 tentou contato com o delegado Rodrigo Moraes, titular da Delegacia Regional de Picos, mas n\u00e3o conseguiu retorno para saber como anda a investiga\u00e7\u00e3o.<\/p>\n\n\n\n<p>De acordo com a Sanya Elayne, do Amigos Protetores dos Animais de Picos (Apapi), vendedores do Mercado P\u00fablico alimentavam os gatos e na manh\u00e3 desta ter\u00e7a-feira se depararam com os animais mortos.<\/p>\n\n\n\n<p>&#8220;A suspeita \u00e9 que algu\u00e9m tenha colocado veneno. N\u00e3o \u00e9 a primeira vez que isso acontece, j\u00e1 \u00e9 o terceiro caso este ano. Das outras vezes foram casos isolados nas proximidades do mercado&#8221;, contou.<\/p>\n\n\n\n<p>A Apapi orientou os vendedores a denunciar o caso e levar os animais para per\u00edcia, no entanto, a cidade de Picos n\u00e3o conta com delegacia especializada.<\/p>\n\n\n\n<p>&#8220;Estamos cobrando da autoridade a investiga\u00e7\u00e3o. Estamos pleiteando que os gatos sejam levados para Teresina e passem por uma per\u00edcia. Picos necessita de peritos e uma delegacia especializada&#8221;, destacou.<\/p>\n\n\n\n<p><strong>Fonte: G1 PI<\/strong><\/p>\n","protected":false},"excerpt":{"rendered":"<p>Cinco gatos de rua foram encontrados mortos nesta ter\u00e7a-feira (1\u00ba) no Mercado P\u00fablico de Picos, Sul do Piau\u00ed. Os pr\u00f3prios vendedores registraram boletim de ocorr\u00eancia sobre o caso. O g1 tentou contato com o delegado Rodrigo Moraes, titular da Delegacia Regional de Picos, mas n\u00e3o conseguiu retorno para saber como anda a investiga\u00e7\u00e3o. De acordo [&hellip;]<\/p>\n","protected":false},"author":1,"featured_media":29064,"comment_status":"open","ping_status":"open","sticky":false,"template":"","format":"standard","meta":{"beyondwords_generate_audio":"","beyondwords_project_id":"","beyondwords_podcast_id":"","beyondwords_hash":"","beyondwords_error_message":"","beyondwords_disabled":"","publish_post_to_speechkit":"","speechkit_generate_audio":"","speechkit_project_id":"","speechkit_podcast_id":"","speechkit_hash":"","speechkit_error_message":"","speechkit_disabled":"","speechkit_access_key":"","speechkit_error":"","speechkit_info":"","speechkit_response":"","speechkit_retries":"","_speechkit_link":"","_speechkit_text":""},"categories":[51,126,78],"tags":[44,896,7424,8731,2482,759,125,6034,362,8444],"jetpack_featured_media_url":"","_links":{"self":[{"href":"https:\/\/pinews.com.br\/index.php\/wp-json\/wp\/v2\/posts\/29063"}],"collection":[{"href":"https:\/\/pinews.com.br\/index.php\/wp-json\/wp\/v2\/posts"}],"about":[{"href":"https:\/\/pinews.com.br\/index.php\/wp-json\/wp\/v2\/types\/post"}],"author":[{"embeddable":true,"href":"https:\/\/pinews.com.br\/index.php\/wp-json\/wp\/v2\/users\/1"}],"replies":[{"embeddable":true,"href":"https:\/\/pinews.com.br\/index.php\/wp-json\/wp\/v2\/comments?post=29063"}],"version-history":[{"count":0,"href":"https:\/\/pinews.com.br\/index.php\/wp-json\/wp\/v2\/posts\/29063\/revisions"}],"wp:featuredmedia":[{"embeddable":true,"href":"https:\/\/pinews.com.br\/index.php\/wp-json\/"}],"wp:attachment":[{"href":"https:\/\/pinews.com.br\/index.php\/wp-json\/wp\/v2\/media?parent=29063"}],"wp:term":[{"taxonomy":"category","embeddable":true,"href":"https:\/\/pinews.com.br\/index.php\/wp-json\/wp\/v2\/categories?post=29063"},{"taxonomy":"post_tag","embeddable":true,"href":"https:\/\/pinews.com.br\/index.php\/wp-json\/wp\/v2\/tags?post=29063"}],"curies":[{"name":"wp","href":"https:\/\/api.w.org\/{rel}","templated":true}]}}