{"id":29092,"date":"2021-12-03T10:29:23","date_gmt":"2021-12-03T13:29:23","guid":{"rendered":"https:\/\/pinews.com.br\/?p=29092"},"modified":"2021-12-03T10:29:23","modified_gmt":"2021-12-03T13:29:23","slug":"jovem-de-23-anos-e-preso-por-receptacao-e-uso-de-documento-falso-no-piaui","status":"publish","type":"post","link":"https:\/\/pinews.com.br\/index.php\/2021\/12\/03\/jovem-de-23-anos-e-preso-por-receptacao-e-uso-de-documento-falso-no-piaui\/","title":{"rendered":"Jovem de 23 anos \u00e9 preso por recepta\u00e7\u00e3o e uso de documento falso no Piau\u00ed"},"content":{"rendered":"\n<p>Um jovem de 23 anos, que n\u00e3o teve a identidade revelada, foi preso por recepta\u00e7\u00e3o e uso de documento falso nessa quinta-feira (02), em Teresina.<\/p>\n\n\n\n<p>Segundo a Pol\u00edcia Rodovi\u00e1ria Federal (PRF), a pris\u00e3o ocorreu ap\u00f3s os policiais abordarem o jovem que conduzia uma motocicleta sem o uso do capacete.<\/p>\n\n\n\n<p>Ao realizarem os procedimentos cab\u00edveis no ve\u00edculo, foi constatado que a moto possu\u00eda elementos de identifica\u00e7\u00e3o alterados e que o n\u00famero do documento do ve\u00edculo constava em um lote de documentos extraviados do Departamento de Tr\u00e2nsito do Piau\u00ed (Detran- PI).&nbsp;<\/p>\n\n\n\n<p>A PRF informou ainda que no momento da abordagem, o condutor forneceu um nome falso aos policiais, sendo verificado o verdadeiro nome posteriormente.&nbsp;<\/p>\n\n\n\n<p>Diante dos fatos, o jovem e a motocicleta foram encaminhados para a sede da Pol\u00edcia Federal para os procedimentos legais. Ele dever\u00e1 responder pelos crimes de recepta\u00e7\u00e3o de ve\u00edculo e uso de documento falso. <\/p>\n\n\n\n<p><strong>Fonte: Rebeca Lima\/ C<em>o<\/em>m informa\u00e7\u00f5es da PRF<\/strong><\/p>\n","protected":false},"excerpt":{"rendered":"<p>Um jovem de 23 anos, que n\u00e3o teve a identidade revelada, foi preso por recepta\u00e7\u00e3o e uso de documento falso nessa quinta-feira (02), em Teresina. Segundo a Pol\u00edcia Rodovi\u00e1ria Federal (PRF), a pris\u00e3o ocorreu ap\u00f3s os policiais abordarem o jovem que conduzia uma motocicleta sem o uso do capacete. Ao realizarem os procedimentos cab\u00edveis no [&hellip;]<\/p>\n","protected":false},"author":1,"featured_media":29093,"comment_status":"open","ping_status":"open","sticky":false,"template":"","format":"standard","meta":{"beyondwords_generate_audio":"","beyondwords_project_id":"","beyondwords_podcast_id":"","beyondwords_hash":"","beyondwords_error_message":"","beyondwords_disabled":"","publish_post_to_speechkit":"","speechkit_generate_audio":"","speechkit_project_id":"","speechkit_podcast_id":"","speechkit_hash":"","speechkit_error_message":"","speechkit_disabled":"","speechkit_access_key":"","speechkit_error":"","speechkit_info":"","speechkit_response":"","speechkit_retries":"","_speechkit_link":"","_speechkit_text":""},"categories":[51,78,81],"tags":[262,82,44,907,72,908,266,52,59,79,989,5668],"jetpack_featured_media_url":"","_links":{"self":[{"href":"https:\/\/pinews.com.br\/index.php\/wp-json\/wp\/v2\/posts\/29092"}],"collection":[{"href":"https:\/\/pinews.com.br\/index.php\/wp-json\/wp\/v2\/posts"}],"about":[{"href":"https:\/\/pinews.com.br\/index.php\/wp-json\/wp\/v2\/types\/post"}],"author":[{"embeddable":true,"href":"https:\/\/pinews.com.br\/index.php\/wp-json\/wp\/v2\/users\/1"}],"replies":[{"embeddable":true,"href":"https:\/\/pinews.com.br\/index.php\/wp-json\/wp\/v2\/comments?post=29092"}],"version-history":[{"count":0,"href":"https:\/\/pinews.com.br\/index.php\/wp-json\/wp\/v2\/posts\/29092\/revisions"}],"wp:featuredmedia":[{"embeddable":true,"href":"https:\/\/pinews.com.br\/index.php\/wp-json\/"}],"wp:attachment":[{"href":"https:\/\/pinews.com.br\/index.php\/wp-json\/wp\/v2\/media?parent=29092"}],"wp:term":[{"taxonomy":"category","embeddable":true,"href":"https:\/\/pinews.com.br\/index.php\/wp-json\/wp\/v2\/categories?post=29092"},{"taxonomy":"post_tag","embeddable":true,"href":"https:\/\/pinews.com.br\/index.php\/wp-json\/wp\/v2\/tags?post=29092"}],"curies":[{"name":"wp","href":"https:\/\/api.w.org\/{rel}","templated":true}]}}