{"id":29152,"date":"2021-12-05T19:39:32","date_gmt":"2021-12-05T22:39:32","guid":{"rendered":"https:\/\/pinews.com.br\/?p=29152"},"modified":"2021-12-05T19:39:32","modified_gmt":"2021-12-05T22:39:32","slug":"regularizacao-fundiaria-piaui-emite-primeiro-registro-de-imovel-via-programa-regularizar","status":"publish","type":"post","link":"https:\/\/pinews.com.br\/index.php\/2021\/12\/05\/regularizacao-fundiaria-piaui-emite-primeiro-registro-de-imovel-via-programa-regularizar\/","title":{"rendered":"Regulariza\u00e7\u00e3o Fundi\u00e1ria: Piau\u00ed emite primeiro registro de im\u00f3vel via programa Regularizar"},"content":{"rendered":"\n<p>Nesta sexta-feira (3), foi emitido o primeiro registro de im\u00f3veis do Piau\u00ed via programa Regularizar. O registro atende a decis\u00e3o do magistrado J\u00falio C\u00e9sar Garcez, juiz de Direito do Programa Regularizar. Iniciativa da Corregedoria Geral de Justi\u00e7a do Estado do Piau\u00ed, \u00f3rg\u00e3o do Tribunal de Justi\u00e7a do Piau\u00ed (TJ-PI), em parceria com o Governo do Estado, por meio da Ag\u00eancia de Desenvolvimento Habitacional (ADH), o programa \u00e9 voltado \u00e0 regulariza\u00e7\u00e3o fundi\u00e1ria de im\u00f3veis urbanos em todo o Estado.<br> <br>Os benefici\u00e1rios s\u00e3o Henrique Medeiros de Figueiredo e Rosa Maria Sampaio Irene Figueiredo, que tiveram decis\u00e3o favor\u00e1vel do juiz J\u00falio C\u00e9sar Garcez em A\u00e7\u00e3o Declarat\u00f3ria de Propriedade que pedia reconhecimento de propriedade de \u00e1rea privada proveniente de contrato de compra e venda com a antiga Companhia Habitacional do Piau\u00ed, atual ADH.<br> <br>\u201cA documenta\u00e7\u00e3o apresentada demonstra estarmos tratando de um n\u00facleo urbano informal consolidado e que preenche os requisitos autorizadores do reconhecimento da propriedade previstos no Provimento n.o 36\/2019\u201d, detalha o magistrado na senten\u00e7a. \u201cA presente decis\u00e3o ter\u00e1 for\u00e7a de mandado e ser\u00e1 transcrita no registro de im\u00f3veis da circunscri\u00e7\u00e3o competente, sendo equipar\u00e1vel \u00e0 usucapi\u00e3o devendo ser aberta a matr\u00edcula do im\u00f3vel descrito\u201d, acrescenta. O t\u00edtulo foi emitido pelo 4\u00ba Of\u00edcio de Notas e Registro de Im\u00f3veis de Teresina.<br> <br><strong>Programa Regularizar<\/strong><br> <br>O objetivo do programa \u00e9 regularizar mais de 60 mil unidades habitacionais em todo o Piau\u00ed. Inicialmente, a iniciativa \u00e9 voltada para Teresina e prev\u00ea a regulariza\u00e7\u00e3o fundi\u00e1ria de im\u00f3veis em conjuntos como Mocambinho, Parque Piau\u00ed, Saci, Angelim, S\u00e3o Joaquim, Dirceu, Tabuleta, Renascen\u00e7a, Primavera, Bela Vista, Vila Irm\u00e3 Dulce e Santa Maria da Codipi.<br> <br>\u201cCom a titularidade das unidades habitacionais, o cidad\u00e3o tem a garantia de que a prioridade \u00e9 dele direito, \u00e9 dos seis filhos, seus netos; ele pode investir, pode pedir financiamento. Assim, colaboramos para o desenvolvimento socioecon\u00f4mico piauiense\u201d, avaliou o corregedor-geral da Justi\u00e7a, desembargador Fernando Lopes.<\/p>\n\n\n\n<p><strong>Fonte: Cidade Verde<\/strong><\/p>\n","protected":false},"excerpt":{"rendered":"<p>Nesta sexta-feira (3), foi emitido o primeiro registro de im\u00f3veis do Piau\u00ed via programa Regularizar. O registro atende a decis\u00e3o do magistrado J\u00falio C\u00e9sar Garcez, juiz de Direito do Programa Regularizar. Iniciativa da Corregedoria Geral de Justi\u00e7a do Estado do Piau\u00ed, \u00f3rg\u00e3o do Tribunal de Justi\u00e7a do Piau\u00ed (TJ-PI), em parceria com o Governo do [&hellip;]<\/p>\n","protected":false},"author":1,"featured_media":29153,"comment_status":"open","ping_status":"open","sticky":false,"template":"","format":"standard","meta":{"beyondwords_generate_audio":"","beyondwords_project_id":"","beyondwords_podcast_id":"","beyondwords_hash":"","beyondwords_error_message":"","beyondwords_disabled":"","publish_post_to_speechkit":"","speechkit_generate_audio":"","speechkit_project_id":"","speechkit_podcast_id":"","speechkit_hash":"","speechkit_error_message":"","speechkit_disabled":"","speechkit_access_key":"","speechkit_error":"","speechkit_info":"","speechkit_response":"","speechkit_retries":"","_speechkit_link":"","_speechkit_text":""},"categories":[51],"tags":[44,6451,6088,5513,52,3485,5410,5830,6089,2038],"jetpack_featured_media_url":"","_links":{"self":[{"href":"https:\/\/pinews.com.br\/index.php\/wp-json\/wp\/v2\/posts\/29152"}],"collection":[{"href":"https:\/\/pinews.com.br\/index.php\/wp-json\/wp\/v2\/posts"}],"about":[{"href":"https:\/\/pinews.com.br\/index.php\/wp-json\/wp\/v2\/types\/post"}],"author":[{"embeddable":true,"href":"https:\/\/pinews.com.br\/index.php\/wp-json\/wp\/v2\/users\/1"}],"replies":[{"embeddable":true,"href":"https:\/\/pinews.com.br\/index.php\/wp-json\/wp\/v2\/comments?post=29152"}],"version-history":[{"count":0,"href":"https:\/\/pinews.com.br\/index.php\/wp-json\/wp\/v2\/posts\/29152\/revisions"}],"wp:featuredmedia":[{"embeddable":true,"href":"https:\/\/pinews.com.br\/index.php\/wp-json\/"}],"wp:attachment":[{"href":"https:\/\/pinews.com.br\/index.php\/wp-json\/wp\/v2\/media?parent=29152"}],"wp:term":[{"taxonomy":"category","embeddable":true,"href":"https:\/\/pinews.com.br\/index.php\/wp-json\/wp\/v2\/categories?post=29152"},{"taxonomy":"post_tag","embeddable":true,"href":"https:\/\/pinews.com.br\/index.php\/wp-json\/wp\/v2\/tags?post=29152"}],"curies":[{"name":"wp","href":"https:\/\/api.w.org\/{rel}","templated":true}]}}