{"id":29192,"date":"2021-12-07T19:13:16","date_gmt":"2021-12-07T22:13:16","guid":{"rendered":"https:\/\/pinews.com.br\/?p=29192"},"modified":"2021-12-07T19:13:16","modified_gmt":"2021-12-07T22:13:16","slug":"servicos-do-detran-pi-ficarao-indisponiveis-por-5-dias-para-mudanca-de-sistema-do-renavam","status":"publish","type":"post","link":"https:\/\/pinews.com.br\/index.php\/2021\/12\/07\/servicos-do-detran-pi-ficarao-indisponiveis-por-5-dias-para-mudanca-de-sistema-do-renavam\/","title":{"rendered":"Servi\u00e7os do Detran-PI ficar\u00e3o indispon\u00edveis por 5 dias para mudan\u00e7a de sistema do Renavam"},"content":{"rendered":"\n<p>A partir do pr\u00f3ximo s\u00e1bado (11) at\u00e9 a quarta-feira (15), os servi\u00e7os relacionados a ve\u00edculos no site e nas ag\u00eancias do Departamento Estadual de Tr\u00e2nsito (Detran) do Piau\u00ed estar\u00e3o suspensos. Transfer\u00eancias, emplacamentos, comunica\u00e7\u00e3o de venda em cart\u00f3rio, vistorias, multas e emiss\u00e3o de taxas referentes a esses servi\u00e7os n\u00e3o est\u00e3o funcionando.<\/p>\n\n\n\n<p>O motivo \u00e9 a necessidade de migra\u00e7\u00e3o, integra\u00e7\u00e3o e homologa\u00e7\u00e3o dos dados com a base nacional para o novo sistema de Registro Nacional de Ve\u00edculos Automotores (Renavam). A implementa\u00e7\u00e3o ser\u00e1 feita pelo Detran e a Ag\u00eancia de Tecnologia de Informa\u00e7\u00e3o (ATI).<\/p>\n\n\n\n<p>Os servi\u00e7os est\u00e3o previstos para retornar ao funcionamento a partir de 16 de dezembro. A iniciativa tem como objetivo oferecer um servi\u00e7o mais \u00e1gil e com maior qualidade aos usu\u00e1rios.<\/p>\n\n\n\n<p>Das 22h de sexta-feira (17) at\u00e9 uma da manh\u00e3 de domingo (19), a Ag\u00eancia de Tecnologia (ATI) trabalhar\u00e1 na atualiza\u00e7\u00e3o do banco de dados para minimizar poss\u00edveis intercorr\u00eancias.<\/p>\n\n\n\n<blockquote class=\"wp-block-quote\"><p>\u201cVamos migrar os dados do sistema antigo para o novo sistema de 11 a 15, em seguida faremos os \u00faltimos testes para que no dia 16, o Detran possa retornar a presta\u00e7\u00e3o dos servi\u00e7os j\u00e1 com o novo sistema de ve\u00edculos. Al\u00e9m disso, equipes do Detran e da ATI estar\u00e3o de plant\u00e3o para sanar quaisquer problemas que possam vir a surgir com a nova tecnologia\u201d, explicou Jo\u00e3o Filho, gerente de tecnologia do Detran-PI.<\/p><\/blockquote>\n\n\n\n<p>Segundo o Detran, o Renavam \u00e9 o sistema respons\u00e1vel por armazenar todos os dados dos ve\u00edculos que circulam no pa\u00eds. Diferente do atual, o novo sistema deve operar com uma tecnologia mais moderna, com isso, o Detran-PI passar\u00e1 a oferecer um servi\u00e7o mais r\u00e1pido e as falhas de conex\u00e3o reduzir\u00e3o significativamente.<\/p>\n\n\n\n<p>\u201cEste novo sistema \u00e9 a realiza\u00e7\u00e3o de sonho antigo, trazendo mais comodidade para as equipes internas da ATI e Detran, com mais estabilidade, utilizando equipamentos de baixa plataforma e menor custo para o Estado, o que vai possibilitar replicar e dar mais celeridade na presta\u00e7\u00e3o de servi\u00e7os ao cidad\u00e3o\u201d, destacou o diretor da ATI, Ant\u00f4nio Torres.<\/p>\n\n\n\n<p>Para o diretor geral do Detran, Garcias Guedes, o usu\u00e1rio ser\u00e1 o maior beneficiado com a mudan\u00e7a. \u201cA usabilidade vai ser melhor, o atendente do Detran ter\u00e1 um sistema mais f\u00e1cil de manusear e mais \u00e1gil, o que vai tornar o atendimento ao usu\u00e1rio mais r\u00e1pido e mais est\u00e1vel\u201d, frisou o diretor.<\/p>\n\n\n\n<p>Garcias Guedes informou ainda que, durante o per\u00edodo de implanta\u00e7\u00e3o do novo Renavam, os servi\u00e7os referentes a Habilita\u00e7\u00e3o funcionar\u00e3o normalmente, sem qualquer interrup\u00e7\u00e3o.<\/p>\n\n\n\n<p><strong>Fonte: G1 PI<\/strong><\/p>\n","protected":false},"excerpt":{"rendered":"<p>A partir do pr\u00f3ximo s\u00e1bado (11) at\u00e9 a quarta-feira (15), os servi\u00e7os relacionados a ve\u00edculos no site e nas ag\u00eancias do Departamento Estadual de Tr\u00e2nsito (Detran) do Piau\u00ed estar\u00e3o suspensos. Transfer\u00eancias, emplacamentos, comunica\u00e7\u00e3o de venda em cart\u00f3rio, vistorias, multas e emiss\u00e3o de taxas referentes a esses servi\u00e7os n\u00e3o est\u00e3o funcionando. O motivo \u00e9 a necessidade [&hellip;]<\/p>\n","protected":false},"author":1,"featured_media":20530,"comment_status":"open","ping_status":"open","sticky":false,"template":"","format":"standard","meta":{"beyondwords_generate_audio":"","beyondwords_project_id":"","beyondwords_podcast_id":"","beyondwords_hash":"","beyondwords_error_message":"","beyondwords_disabled":"","publish_post_to_speechkit":"","speechkit_generate_audio":"","speechkit_project_id":"","speechkit_podcast_id":"","speechkit_hash":"","speechkit_error_message":"","speechkit_disabled":"","speechkit_access_key":"","speechkit_error":"","speechkit_info":"","speechkit_response":"","speechkit_retries":"","_speechkit_link":"","_speechkit_text":""},"categories":[51],"tags":[44,5702,787,9033,6666,6774,350,59,9555,6668,1324],"jetpack_featured_media_url":"","_links":{"self":[{"href":"https:\/\/pinews.com.br\/index.php\/wp-json\/wp\/v2\/posts\/29192"}],"collection":[{"href":"https:\/\/pinews.com.br\/index.php\/wp-json\/wp\/v2\/posts"}],"about":[{"href":"https:\/\/pinews.com.br\/index.php\/wp-json\/wp\/v2\/types\/post"}],"author":[{"embeddable":true,"href":"https:\/\/pinews.com.br\/index.php\/wp-json\/wp\/v2\/users\/1"}],"replies":[{"embeddable":true,"href":"https:\/\/pinews.com.br\/index.php\/wp-json\/wp\/v2\/comments?post=29192"}],"version-history":[{"count":0,"href":"https:\/\/pinews.com.br\/index.php\/wp-json\/wp\/v2\/posts\/29192\/revisions"}],"wp:featuredmedia":[{"embeddable":true,"href":"https:\/\/pinews.com.br\/index.php\/wp-json\/"}],"wp:attachment":[{"href":"https:\/\/pinews.com.br\/index.php\/wp-json\/wp\/v2\/media?parent=29192"}],"wp:term":[{"taxonomy":"category","embeddable":true,"href":"https:\/\/pinews.com.br\/index.php\/wp-json\/wp\/v2\/categories?post=29192"},{"taxonomy":"post_tag","embeddable":true,"href":"https:\/\/pinews.com.br\/index.php\/wp-json\/wp\/v2\/tags?post=29192"}],"curies":[{"name":"wp","href":"https:\/\/api.w.org\/{rel}","templated":true}]}}