{"id":29216,"date":"2021-12-08T11:34:05","date_gmt":"2021-12-08T14:34:05","guid":{"rendered":"https:\/\/pinews.com.br\/?p=29216"},"modified":"2021-12-08T11:34:05","modified_gmt":"2021-12-08T14:34:05","slug":"homem-e-preso-com-pistola-da-policia-militar-com-mira-a-laser-no-piaui","status":"publish","type":"post","link":"https:\/\/pinews.com.br\/index.php\/2021\/12\/08\/homem-e-preso-com-pistola-da-policia-militar-com-mira-a-laser-no-piaui\/","title":{"rendered":"Homem \u00e9 preso com pistola da Pol\u00edcia Militar com mira a laser no Piau\u00ed"},"content":{"rendered":"\n<p>Um homem de 24 anos foi preso nesta quarta-feira (8) na Zona Norte de Teresina. Com ele os policiais encontraram um rev\u00f3lver calibre 38 e uma pistola .40 da Pol\u00edcia Militar do Piau\u00ed, com mira a laser.<\/p>\n\n\n\n<p>A pris\u00e3o foi realizada pelo Grupo de Repress\u00e3o ao Crime Organizado (Greco), da Pol\u00edcia Civil, na regi\u00e3o da Vila Apol\u00f4nia, no bairro S\u00e3o Joaquim, Zona Norte de Teresina.<\/p>\n\n\n\n<blockquote class=\"wp-block-quote\"><p>&#8220;O investigado seria ligado a pessoas que cometem crimes de roubos e homic\u00eddios, principalmente na regi\u00e3o do bairro S\u00e3o Joaquim\u201d, disse o delegado Tales Gomes, coordenador do Greco.<\/p><\/blockquote>\n\n\n\n<p>Ele foi preso em flagrante e autuado pelos crimes de posse ilegal de arma de fogo e recepta\u00e7\u00e3o qualificada, porque a pistola .40 havia sido roubada de um policial militar.<\/p>\n\n\n\n<p>Em 2018, o homem respondeu a um processo por suspeita de participa\u00e7\u00e3o em um homic\u00eddio, mas o caso foi arquivado por falta de provas.<\/p>\n\n\n\n<figure class=\"wp-block-image\"><img decoding=\"async\" src=\"https:\/\/s2.glbimg.com\/X4Ye8jPApizJOftuVW-ks1OHKeI=\/0x0:748x957\/984x0\/smart\/filters:strip_icc()\/i.s3.glbimg.com\/v1\/AUTH_59edd422c0c84a879bd37670ae4f538a\/internal_photos\/bs\/2021\/6\/e\/dtsANlQI6BOPcyA8uf8Q\/whatsapp-image-2021-12-08-at-07.42.16-1-.jpeg\" alt=\"Suspeito por homic\u00eddio \u00e9 preso com pistola da Pol\u00edcia Militar com mira laser, na Zona Norte de Teresina \u2014 Foto: Pol\u00edcia Civil\/ Greco\"\/><figcaption>Suspeito por homic\u00eddio \u00e9 preso com pistola da Pol\u00edcia Militar com mira laser, na Zona Norte de Teresina \u2014 Foto: Pol\u00edcia Civil\/ Greco<\/figcaption><\/figure>\n\n\n\n<p><strong>Fonte: G1 PI<\/strong><\/p>\n","protected":false},"excerpt":{"rendered":"<p>Um homem de 24 anos foi preso nesta quarta-feira (8) na Zona Norte de Teresina. Com ele os policiais encontraram um rev\u00f3lver calibre 38 e uma pistola .40 da Pol\u00edcia Militar do Piau\u00ed, com mira a laser. A pris\u00e3o foi realizada pelo Grupo de Repress\u00e3o ao Crime Organizado (Greco), da Pol\u00edcia Civil, na regi\u00e3o da [&hellip;]<\/p>\n","protected":false},"author":1,"featured_media":29217,"comment_status":"open","ping_status":"open","sticky":false,"template":"","format":"standard","meta":{"beyondwords_generate_audio":"","beyondwords_project_id":"","beyondwords_podcast_id":"","beyondwords_hash":"","beyondwords_error_message":"","beyondwords_disabled":"","publish_post_to_speechkit":"","speechkit_generate_audio":"","speechkit_project_id":"","speechkit_podcast_id":"","speechkit_hash":"","speechkit_error_message":"","speechkit_disabled":"","speechkit_access_key":"","speechkit_error":"","speechkit_info":"","speechkit_response":"","speechkit_retries":"","_speechkit_link":"","_speechkit_text":""},"categories":[51,78,81],"tags":[122,72,84,2094,1349,8470,52,1009,466,79],"jetpack_featured_media_url":"","_links":{"self":[{"href":"https:\/\/pinews.com.br\/index.php\/wp-json\/wp\/v2\/posts\/29216"}],"collection":[{"href":"https:\/\/pinews.com.br\/index.php\/wp-json\/wp\/v2\/posts"}],"about":[{"href":"https:\/\/pinews.com.br\/index.php\/wp-json\/wp\/v2\/types\/post"}],"author":[{"embeddable":true,"href":"https:\/\/pinews.com.br\/index.php\/wp-json\/wp\/v2\/users\/1"}],"replies":[{"embeddable":true,"href":"https:\/\/pinews.com.br\/index.php\/wp-json\/wp\/v2\/comments?post=29216"}],"version-history":[{"count":0,"href":"https:\/\/pinews.com.br\/index.php\/wp-json\/wp\/v2\/posts\/29216\/revisions"}],"wp:featuredmedia":[{"embeddable":true,"href":"https:\/\/pinews.com.br\/index.php\/wp-json\/"}],"wp:attachment":[{"href":"https:\/\/pinews.com.br\/index.php\/wp-json\/wp\/v2\/media?parent=29216"}],"wp:term":[{"taxonomy":"category","embeddable":true,"href":"https:\/\/pinews.com.br\/index.php\/wp-json\/wp\/v2\/categories?post=29216"},{"taxonomy":"post_tag","embeddable":true,"href":"https:\/\/pinews.com.br\/index.php\/wp-json\/wp\/v2\/tags?post=29216"}],"curies":[{"name":"wp","href":"https:\/\/api.w.org\/{rel}","templated":true}]}}