{"id":29219,"date":"2021-12-08T11:37:46","date_gmt":"2021-12-08T14:37:46","guid":{"rendered":"https:\/\/pinews.com.br\/?p=29219"},"modified":"2021-12-08T11:37:46","modified_gmt":"2021-12-08T14:37:46","slug":"novo-decreto-determina-corte-salarial-para-o-servidor-que-nao-tomar-vacina","status":"publish","type":"post","link":"https:\/\/pinews.com.br\/index.php\/2021\/12\/08\/novo-decreto-determina-corte-salarial-para-o-servidor-que-nao-tomar-vacina\/","title":{"rendered":"Novo decreto determina corte salarial para o servidor que n\u00e3o tomar vacina"},"content":{"rendered":"\n<p><br>O servidor p\u00fablico estadual ser\u00e1 punido com corte salarial se n\u00e3o apresentar o comprovante de vacina\u00e7\u00e3o contra a Covid-19. A medida \u00e9 uma determina\u00e7\u00e3o do governador Wellington Dias (PT), atrav\u00e9s do decreto n\u00ba 20.231, publicado nesta ter\u00e7a-feira (07\/12) no Di\u00e1rio Oficial do Estado.&nbsp;<\/p>\n\n\n\n<p>De acordo com o documento, todos os servidores e empregados p\u00fablicos dever\u00e3o comprovar no m\u00ednimo duas doses ou dose \u00fanica de vacina contra o novo coronav\u00edrus.&nbsp;<\/p>\n\n\n\n<p>&#8220;O servidor perder\u00e1 a remunera\u00e7\u00e3o dos dias em que faltar ao servi\u00e7o por n\u00e3o apresentar o passaporte de vacina\u00e7\u00e3o [&#8230;] sob pena de cometer viola\u00e7\u00e3o grave a dever funcional&#8221;, diz trecho do decreto publicado pelo Governo do Piau\u00ed.<\/p>\n\n\n\n<p>A nova investida do governo \u00e9 para barrar a onda de negacionistas e de pessoas que resistem a tomar o imunizante. No Piau\u00ed, cerca de 240 mil piauienses est\u00e3o com a vacina\u00e7\u00e3o atrasada. A ideia \u00e9 estimular a vacina\u00e7\u00e3o.&nbsp;<\/p>\n\n\n\n<p>O decreto entrou em vigor no dia 7 de dezembro. <\/p>\n\n\n\n<p><a href=\"https:\/\/cidadeverde.com\/assets\/uploads\/files\/doe%202021(12.07).pmd_1638965548.pdf\" target=\"_blank\" rel=\"noreferrer noopener\">Clique aqui<\/a>&nbsp;e confira o decreto.&nbsp;<\/p>\n\n\n\n<p><strong>Passaporte da vacina em \u00f3rg\u00e3os p\u00fablicos&nbsp;<\/strong><\/p>\n\n\n\n<p>Na segunda (06\/12), o governo do estado anunciou um decreto determinando que s\u00f3 tivessem acesso aos \u00f3rg\u00e3os p\u00fablicos estaduais aqueles que tiverem o comprovante de vacina\u00e7\u00e3o contra a Covid-19. <\/p>\n\n\n\n<p>Na ter\u00e7a (07), o governo publicou o Decreto N\u00ba 20.321 alterando as normas que disp\u00f5em sobre as medidas sanit\u00e1rias a serem adotadas at\u00e9 o dia 02 de janeiro de 2022. <br><br>O passaporte de vacina\u00e7\u00e3o deve ser apresentado por todos que tiverem idade a partir de 18 anos.<\/p>\n\n\n\n<p><strong>Comprovante de vacina\u00e7\u00e3o<\/strong><\/p>\n\n\n\n<p>H\u00e1 duas formas de comprovar a vacina\u00e7\u00e3o contra a Covid-19. A primeira \u00e9 com o cart\u00e3o de vacina\u00e7\u00e3o impresso em papel timbrado, emitido e cedido pela institui\u00e7\u00e3o onde foi realizada a imuniza\u00e7\u00e3o. A outra forma \u00e9 por meio de um certificado de vacinas digital, dispon\u00edvel na plataforma do Sistema \u00danico de Sa\u00fade &#8211; Conecte SUS.&nbsp;<\/p>\n\n\n\n<p>\u201c77% da popula\u00e7\u00e3o j\u00e1 recebeu a primeira dose. E estamos com 64.08% da popula\u00e7\u00e3o que recebeu tamb\u00e9m a segunda dose. A nossa meta \u00e9 chegar no Natal com mais de 70% da popula\u00e7\u00e3o recebendo a segunda dose\u201d, frisou o secret\u00e1rio Florentino Neto.&nbsp;<br>&nbsp;<br>&nbsp;<\/p>\n\n\n\n<p><strong>Fonte: Nataniel Lima\/ Cidade Verde<\/strong><\/p>\n","protected":false},"excerpt":{"rendered":"<p>O servidor p\u00fablico estadual ser\u00e1 punido com corte salarial se n\u00e3o apresentar o comprovante de vacina\u00e7\u00e3o contra a Covid-19. A medida \u00e9 uma determina\u00e7\u00e3o do governador Wellington Dias (PT), atrav\u00e9s do decreto n\u00ba 20.231, publicado nesta ter\u00e7a-feira (07\/12) no Di\u00e1rio Oficial do Estado.&nbsp; De acordo com o documento, todos os servidores e empregados p\u00fablicos dever\u00e3o [&hellip;]<\/p>\n","protected":false},"author":1,"featured_media":29220,"comment_status":"open","ping_status":"open","sticky":false,"template":"","format":"standard","meta":{"beyondwords_generate_audio":"","beyondwords_project_id":"","beyondwords_podcast_id":"","beyondwords_hash":"","beyondwords_error_message":"","beyondwords_disabled":"","publish_post_to_speechkit":"","speechkit_generate_audio":"","speechkit_project_id":"","speechkit_podcast_id":"","speechkit_hash":"","speechkit_error_message":"","speechkit_disabled":"","speechkit_access_key":"","speechkit_error":"","speechkit_info":"","speechkit_response":"","speechkit_retries":"","_speechkit_link":"","_speechkit_text":""},"categories":[134,51],"tags":[5337,2611,6826,653,508,350,3086,7126,8795,3178],"jetpack_featured_media_url":"","_links":{"self":[{"href":"https:\/\/pinews.com.br\/index.php\/wp-json\/wp\/v2\/posts\/29219"}],"collection":[{"href":"https:\/\/pinews.com.br\/index.php\/wp-json\/wp\/v2\/posts"}],"about":[{"href":"https:\/\/pinews.com.br\/index.php\/wp-json\/wp\/v2\/types\/post"}],"author":[{"embeddable":true,"href":"https:\/\/pinews.com.br\/index.php\/wp-json\/wp\/v2\/users\/1"}],"replies":[{"embeddable":true,"href":"https:\/\/pinews.com.br\/index.php\/wp-json\/wp\/v2\/comments?post=29219"}],"version-history":[{"count":0,"href":"https:\/\/pinews.com.br\/index.php\/wp-json\/wp\/v2\/posts\/29219\/revisions"}],"wp:featuredmedia":[{"embeddable":true,"href":"https:\/\/pinews.com.br\/index.php\/wp-json\/"}],"wp:attachment":[{"href":"https:\/\/pinews.com.br\/index.php\/wp-json\/wp\/v2\/media?parent=29219"}],"wp:term":[{"taxonomy":"category","embeddable":true,"href":"https:\/\/pinews.com.br\/index.php\/wp-json\/wp\/v2\/categories?post=29219"},{"taxonomy":"post_tag","embeddable":true,"href":"https:\/\/pinews.com.br\/index.php\/wp-json\/wp\/v2\/tags?post=29219"}],"curies":[{"name":"wp","href":"https:\/\/api.w.org\/{rel}","templated":true}]}}