{"id":29278,"date":"2021-12-10T11:15:29","date_gmt":"2021-12-10T14:15:29","guid":{"rendered":"https:\/\/pinews.com.br\/?p=29278"},"modified":"2021-12-10T11:15:29","modified_gmt":"2021-12-10T14:15:29","slug":"com-conectesus-fora-do-ar-piauienses-podem-apresentar-cartao-de-vacina-contra-covid-para-comprovar-vacinacao","status":"publish","type":"post","link":"https:\/\/pinews.com.br\/index.php\/2021\/12\/10\/com-conectesus-fora-do-ar-piauienses-podem-apresentar-cartao-de-vacina-contra-covid-para-comprovar-vacinacao\/","title":{"rendered":"Com ConecteSUS fora do ar, piauienses podem apresentar cart\u00e3o de vacina contra Covid para comprovar vacina\u00e7\u00e3o"},"content":{"rendered":"\n<p><\/p>\n\n\n\n<p>O aplicativo e o site do ConecteSUS n\u00e3o est\u00e3o dispon\u00edveis para a emiss\u00e3o do Certificado Nacional de Vacina\u00e7\u00e3o Covid-19, que \u00e9 exigido para acessar \u00f3rg\u00e3os p\u00fablicos e outros estabelecimentos no Piau\u00ed. Usu\u00e1rios de todo o pa\u00eds, relataram que n\u00e3o conseguiram acesso na manh\u00e3 desta sexta-feira (19).<\/p>\n\n\n\n<p>Apesar disso, a&nbsp;Funda\u00e7\u00e3o Municipal de Sa\u00fade (FMS) de Teresina afirma que os drive thru da vacina\u00e7\u00e3o est\u00e3o mantidos hoje,&nbsp;para a vacina\u00e7\u00e3o de 1\u00aa, 2\u00aa e dose de refor\u00e7o em quatro terminais de integra\u00e7\u00e3o nas quatro zonas da capital. (<strong><em>Veja nota no final desta reportagem)<\/em><\/strong><\/p>\n\n\n\n<p>A Funda\u00e7\u00e3o destacou que n\u00e3o tem como contabilizar quantas pessoas foram vacinadas no drive thru de ontem, porque os dados est\u00e3o em um dos sistemas que tamb\u00e9m foi retirado do ar.<\/p>\n\n\n\n<p>A FMS informou ainda que caso a pessoa necessite apresentar um comprovante de vacina\u00e7\u00e3o em academia, \u00f3rg\u00e3os p\u00fablicos estaduais, eventos sociais, esportivos e culturais, feiras e conven\u00e7\u00f5es, pode mostrar o cart\u00e3o de vacina com as duas doses.<\/p>\n\n\n\n<p>A Secretaria Estadual da Sa\u00fade (Sesapi) do Piau\u00ed tamb\u00e9m confirmou que o&nbsp;cart\u00e3o de vacina \u00e9 um meio de comprovar a vacina\u00e7\u00e3o.<\/p>\n\n\n\n<p>O Minist\u00e9rio da Sa\u00fade informou que a Pol\u00edcia Federal e o Gabinete de Seguran\u00e7a Institucional j\u00e1 foram acionados para investigar o caso. O problema tamb\u00e9m afetou o sistema de notifica\u00e7\u00e3o de casos da Covid-19, segundo a pasta.<\/p>\n\n\n\n<figure class=\"wp-block-image\"><img decoding=\"async\" src=\"https:\/\/s2.glbimg.com\/MTchvJScsWhaX2qMroit_ZaJytU=\/0x61:300x629\/984x0\/smart\/filters:strip_icc()\/i.s3.glbimg.com\/v1\/AUTH_59edd422c0c84a879bd37670ae4f538a\/internal_photos\/bs\/2021\/Z\/4\/k6GjDYSNC3dlVyR36LBg\/whatsapp-image-2021-12-10-at-09.00.39.jpeg\" alt=\"Print do ConecteSUS feito por usu\u00e1rio do Piau\u00ed \u00e0s 8h55 sem acesso ao certificado \u2014 Foto: Reprodu\u00e7\u00e3o\"\/><figcaption>Print do ConecteSUS feito por usu\u00e1rio do Piau\u00ed \u00e0s 8h55 sem acesso ao certificado \u2014 Foto: Reprodu\u00e7\u00e3o<\/figcaption><\/figure>\n\n\n\n<p><strong>Veja os locais onde deve haver exig\u00eancia de passaporte de vacina\u00e7\u00e3o para as seguintes atividades no Piau\u00ed:<\/strong><\/p>\n\n\n\n<p><em>a) atendimento presencial nos \u00f3rg\u00e3os da administra\u00e7\u00e3o p\u00fablica estadual.<br>b) boates, casas de espet\u00e1culos, festas e eventos em geral (esportivos, sociais, culturais e<br>art\u00edsticos realizados em ambientes abertos ou fechados);<br>c) academias de gin\u00e1stica, piscinas, centros de treinamento, clubes e vilas ol\u00edmpicas;<br>d) est\u00e1dios e gin\u00e1sios esportivos;<br>e) cinemas, teatros, salas de concerto, sal\u00f5es de jogos, circos, recrea\u00e7\u00e3o infantil;<br>f) museus, galerias e exposi\u00e7\u00f5es de arte, parques de divers\u00f5es, parques tem\u00e1ticos, parquesaqu\u00e1ticos, apresenta\u00e7\u00f5es e drive-in;<br>g) confer\u00eancias, conven\u00e7\u00f5es e feiras comerciais.<\/em><\/p>\n\n\n\n<p><strong>Nota da FMS<\/strong><\/p>\n\n\n\n<blockquote class=\"wp-block-quote\"><p>A Funda\u00e7\u00e3o Municipal de Sa\u00fade (FMS) informa que, embora o sistema oficial de registro de doses &#8211; SI-PNI &#8211; esteja fora do ar na manh\u00e3 de hoje (10), est\u00e3o mantidas as a\u00e7\u00f5es de vacina\u00e7\u00e3o drive thru de hoje (10) e o Dia D da Vacina\u00e7\u00e3o Covid em Teresina marcado para amanh\u00e3 (11).<br>Para viabilizar as a\u00e7\u00f5es, o registro das vacinas ser\u00e1 feito temporariamente em um sistema paralelo mantido pela FMS para situa\u00e7\u00f5es de emerg\u00eancia, que torna a vacina\u00e7\u00e3o um pouco mais lenta, mas evita sua paralisa\u00e7\u00e3o por completo.<\/p><\/blockquote>\n\n\n\n<p><strong>Fonte: G1 PI<\/strong><\/p>\n","protected":false},"excerpt":{"rendered":"<p>O aplicativo e o site do ConecteSUS n\u00e3o est\u00e3o dispon\u00edveis para a emiss\u00e3o do Certificado Nacional de Vacina\u00e7\u00e3o Covid-19, que \u00e9 exigido para acessar \u00f3rg\u00e3os p\u00fablicos e outros estabelecimentos no Piau\u00ed. Usu\u00e1rios de todo o pa\u00eds, relataram que n\u00e3o conseguiram acesso na manh\u00e3 desta sexta-feira (19). Apesar disso, a&nbsp;Funda\u00e7\u00e3o Municipal de Sa\u00fade (FMS) de Teresina [&hellip;]<\/p>\n","protected":false},"author":1,"featured_media":29279,"comment_status":"open","ping_status":"open","sticky":false,"template":"","format":"standard","meta":{"beyondwords_generate_audio":"","beyondwords_project_id":"","beyondwords_podcast_id":"","beyondwords_hash":"","beyondwords_error_message":"","beyondwords_disabled":"","publish_post_to_speechkit":"","speechkit_generate_audio":"","speechkit_project_id":"","speechkit_podcast_id":"","speechkit_hash":"","speechkit_error_message":"","speechkit_disabled":"","speechkit_access_key":"","speechkit_error":"","speechkit_info":"","speechkit_response":"","speechkit_retries":"","_speechkit_link":"","_speechkit_text":""},"categories":[51],"tags":[6717,6245,942,6910,9576,294,2406,44,5788,350,743,5662,3178,347],"jetpack_featured_media_url":"","_links":{"self":[{"href":"https:\/\/pinews.com.br\/index.php\/wp-json\/wp\/v2\/posts\/29278"}],"collection":[{"href":"https:\/\/pinews.com.br\/index.php\/wp-json\/wp\/v2\/posts"}],"about":[{"href":"https:\/\/pinews.com.br\/index.php\/wp-json\/wp\/v2\/types\/post"}],"author":[{"embeddable":true,"href":"https:\/\/pinews.com.br\/index.php\/wp-json\/wp\/v2\/users\/1"}],"replies":[{"embeddable":true,"href":"https:\/\/pinews.com.br\/index.php\/wp-json\/wp\/v2\/comments?post=29278"}],"version-history":[{"count":0,"href":"https:\/\/pinews.com.br\/index.php\/wp-json\/wp\/v2\/posts\/29278\/revisions"}],"wp:featuredmedia":[{"embeddable":true,"href":"https:\/\/pinews.com.br\/index.php\/wp-json\/"}],"wp:attachment":[{"href":"https:\/\/pinews.com.br\/index.php\/wp-json\/wp\/v2\/media?parent=29278"}],"wp:term":[{"taxonomy":"category","embeddable":true,"href":"https:\/\/pinews.com.br\/index.php\/wp-json\/wp\/v2\/categories?post=29278"},{"taxonomy":"post_tag","embeddable":true,"href":"https:\/\/pinews.com.br\/index.php\/wp-json\/wp\/v2\/tags?post=29278"}],"curies":[{"name":"wp","href":"https:\/\/api.w.org\/{rel}","templated":true}]}}