{"id":29290,"date":"2021-12-10T19:48:39","date_gmt":"2021-12-10T22:48:39","guid":{"rendered":"https:\/\/pinews.com.br\/?p=29290"},"modified":"2021-12-10T19:48:39","modified_gmt":"2021-12-10T22:48:39","slug":"lei-determina-merenda-diferenciada-para-alunos-diabeticos-e-com-intolerancia-a-gluten-no-piaui","status":"publish","type":"post","link":"https:\/\/pinews.com.br\/index.php\/2021\/12\/10\/lei-determina-merenda-diferenciada-para-alunos-diabeticos-e-com-intolerancia-a-gluten-no-piaui\/","title":{"rendered":"Lei determina merenda diferenciada para alunos diab\u00e9ticos e com intoler\u00e2ncia a gl\u00faten no Piau\u00ed"},"content":{"rendered":"\n<p>O governador Wellington Dias (PT) sancionou a lei 7648\/2021, que prev\u00ea merenda escolar diferenciada na rede p\u00fablica estadual de ensino para alunos com diabetes tipos 1 e 2. A lei vale ainda para estudantes com doen\u00e7a cel\u00edaca, causada por intoler\u00e2ncia ao gl\u00faten.<\/p>\n\n\n\n<p>De acordo com a lei, as escolas da rede p\u00fablica estadual dever\u00e3o fornecer a merenda diferenciada. Para isso, a fam\u00edlia deve apresentar na unidade de ensino atestado de m\u00e9dico e nutricionista constando o diagn\u00f3stico da doen\u00e7a. No caso, caber\u00e1 a Secretaria de Estado de Educa\u00e7\u00e3o, atrav\u00e9s de profissionais especializados, elaborar o card\u00e1pio a ser servido a esses alunos.<\/p>\n\n\n\n<p>A lei \u00e9 de autoria do deputado estadual Fl\u00e1vio Nogueira J\u00fanior (PDT). Segundo ele, a obesidade no Brasil vem crescendo nos \u00faltimos anos e, parte disso, provocada pela ado\u00e7\u00e3o de h\u00e1bitos alimentares que estimulam o consumo de gorduras saturadas, farin\u00e1ceos, a\u00e7\u00facar, bebidas e alimentos industrializados em larga escala.&nbsp;<\/p>\n\n\n\n<p>\u201cEsse \u00e9 um dos principais fatores considerados para o crescimento do diabetes tipo 2, por exemplo. Por isso, apresentamos, l\u00e1 atr\u00e1s, essa lei, ap\u00f3s vermos a realidade de v\u00e1rias fam\u00edlias que possuem essa necessidade especial de alimenta\u00e7\u00e3o\u201d, pontua o parlamentar.<\/p>\n\n\n\n<p>Da mesma forma, os riscos com uma alimenta\u00e7\u00e3o inadequada tamb\u00e9m v\u00eam para os cel\u00edacos, ou seja, para aqueles que possuem intoler\u00e2ncia ao gl\u00faten. A ingest\u00e3o de alimenta\u00e7\u00e3o errada pode acarretar em diversos problemas, inclusive levar ao \u00f3bito. O parlamentar lembrou que para muitas crian\u00e7as a merenda escolar \u00e9 uma das principais refei\u00e7\u00f5es do dia. \u201cPor isso, \u00e9 dever do Estado disponibilizar uma alimenta\u00e7\u00e3o diferenciada, de acordo com as condi\u00e7\u00f5es de sa\u00fade dos estudantes. Ficamos felizes do governador ter sido sens\u00edvel ao projeto que apresentamos e tenha sancionado porque \u00e9 um ganho para centenas de crian\u00e7as\u201d, ressaltou o deputado.<\/p>\n\n\n\n<p>A presidente da Associa\u00e7\u00e3o dos Diab\u00e9ticos do Piau\u00ed (ADIPI), Jeane Melo, tamb\u00e9m comemorou a san\u00e7\u00e3o da lei. De acordo com ela, a nova legisla\u00e7\u00e3o garante a preven\u00e7\u00e3o do agravamento de condi\u00e7\u00f5es que realmente precisam ser percebidas em suas especificidades.&nbsp;<\/p>\n\n\n\n<p>\u201cN\u00e3o incluir um card\u00e1pio adaptado para o aluno que convive com patologias t\u00e3o dif\u00edceis de serem conduzidas \u00e9 tirar dele a condi\u00e7\u00e3o de seguir com o m\u00ednimo de qualidade de vida. A inclus\u00e3o h\u00e1 muito tempo precisa deixar de ser s\u00f3 um discurso bonito para fazer parte do cotidiano de um p\u00fablico que s\u00f3 cresce. Diabetes tamb\u00e9m \u00e9 pandemia. A lei aprovada precisa ser vista como um benef\u00edcio para a todos j\u00e1 que, uma vez que o aluno \u00e9 protegido, vai poder viver melhor e deixar de onerar o poder p\u00fablico com interven\u00e7\u00f5es s\u00e9rias que podem provocar risco de vida. A alimenta\u00e7\u00e3o adaptada \u00e9 uma quest\u00e3o de humanidade e de sa\u00fade p\u00fablica\u201d, avaliou.&nbsp;<\/p>\n\n\n\n<p>O Governo do Estado tem agora 90 dias para regulamentar a lei.<\/p>\n\n\n\n<p><strong>Fonte: Cidade Verde<\/strong><\/p>\n","protected":false},"excerpt":{"rendered":"<p>O governador Wellington Dias (PT) sancionou a lei 7648\/2021, que prev\u00ea merenda escolar diferenciada na rede p\u00fablica estadual de ensino para alunos com diabetes tipos 1 e 2. A lei vale ainda para estudantes com doen\u00e7a cel\u00edaca, causada por intoler\u00e2ncia ao gl\u00faten. De acordo com a lei, as escolas da rede p\u00fablica estadual dever\u00e3o fornecer [&hellip;]<\/p>\n","protected":false},"author":1,"featured_media":29291,"comment_status":"open","ping_status":"open","sticky":false,"template":"","format":"standard","meta":{"beyondwords_generate_audio":"","beyondwords_project_id":"","beyondwords_podcast_id":"","beyondwords_hash":"","beyondwords_error_message":"","beyondwords_disabled":"","publish_post_to_speechkit":"","speechkit_generate_audio":"","speechkit_project_id":"","speechkit_podcast_id":"","speechkit_hash":"","speechkit_error_message":"","speechkit_disabled":"","speechkit_access_key":"","speechkit_error":"","speechkit_info":"","speechkit_response":"","speechkit_retries":"","_speechkit_link":"","_speechkit_text":""},"categories":[51],"tags":[2426,6826,9579,9580,9581,9582,692,8015,350,52],"jetpack_featured_media_url":"","_links":{"self":[{"href":"https:\/\/pinews.com.br\/index.php\/wp-json\/wp\/v2\/posts\/29290"}],"collection":[{"href":"https:\/\/pinews.com.br\/index.php\/wp-json\/wp\/v2\/posts"}],"about":[{"href":"https:\/\/pinews.com.br\/index.php\/wp-json\/wp\/v2\/types\/post"}],"author":[{"embeddable":true,"href":"https:\/\/pinews.com.br\/index.php\/wp-json\/wp\/v2\/users\/1"}],"replies":[{"embeddable":true,"href":"https:\/\/pinews.com.br\/index.php\/wp-json\/wp\/v2\/comments?post=29290"}],"version-history":[{"count":0,"href":"https:\/\/pinews.com.br\/index.php\/wp-json\/wp\/v2\/posts\/29290\/revisions"}],"wp:featuredmedia":[{"embeddable":true,"href":"https:\/\/pinews.com.br\/index.php\/wp-json\/"}],"wp:attachment":[{"href":"https:\/\/pinews.com.br\/index.php\/wp-json\/wp\/v2\/media?parent=29290"}],"wp:term":[{"taxonomy":"category","embeddable":true,"href":"https:\/\/pinews.com.br\/index.php\/wp-json\/wp\/v2\/categories?post=29290"},{"taxonomy":"post_tag","embeddable":true,"href":"https:\/\/pinews.com.br\/index.php\/wp-json\/wp\/v2\/tags?post=29290"}],"curies":[{"name":"wp","href":"https:\/\/api.w.org\/{rel}","templated":true}]}}