{"id":29327,"date":"2021-12-13T17:03:14","date_gmt":"2021-12-13T20:03:14","guid":{"rendered":"https:\/\/pinews.com.br\/?p=29327"},"modified":"2021-12-13T17:03:14","modified_gmt":"2021-12-13T20:03:14","slug":"governo-deve-zerar-fila-do-auxilio-brasil-neste-ano-afirma-ministro","status":"publish","type":"post","link":"https:\/\/pinews.com.br\/index.php\/2021\/12\/13\/governo-deve-zerar-fila-do-auxilio-brasil-neste-ano-afirma-ministro\/","title":{"rendered":"Governo deve zerar fila do Aux\u00edlio Brasil neste ano, afirma ministro"},"content":{"rendered":"\n<p>Diante do cen\u00e1rio de reflexos da pandemia de&nbsp;<a href=\"https:\/\/noticias.r7.com\/saude\/brasil-registra-53-mortes-e-3355-novos-casos-de-covid-em-24h-12122021\">Covid-19<\/a>, o ministro da Cidadania, Jo\u00e3o Roma, afirmou nesta segunda-feira (13) que o governo federal vai zerar ainda neste ano a fila do&nbsp;<a href=\"https:\/\/noticias.r7.com\/brasilia\/auxilio-brasil-comeca-a-ser-pago-na-sexta-10-veja-o-calendario-08122021\">Aux\u00edlio Brasil<\/a>, programa de transfer\u00eancia de renda que come\u00e7ou a ser pago no valor de R$ 400.<\/p>\n\n\n\n<p>&#8220;No passado, o que se falava era que o ticket m\u00e9dio do programa girava em torno de R$ 190, sendo que pessoas recebiam abaixo e pessoas recebiam acima. Com esse novo Aux\u00edlio Brasil, estamos viabilizando que todos os benefici\u00e1rios recebam, no m\u00ednimo, R$ 400, no calend\u00e1rio regular, que come\u00e7ou a ser pago no \u00faltimo dia 10 e se estender\u00e1 at\u00e9 23 de dezembro&#8221;, afirmou ao <strong>R7<\/strong>. &#8220;Al\u00e9m dos 14.700 milh\u00f5es de fam\u00edlias que s\u00e3o benefici\u00e1rias do Aux\u00edlio Brasil, outras duas milh\u00f5es devem entrar no programa ainda neste ano de 2021 e, com isso, zerando toda a fila do programa&#8221;, acrescentou.<\/p>\n\n\n\n<p>O benef\u00edcio de R$ 400 come\u00e7ou a ser pago na \u00faltima sexta-feira (10). O programa social substituiu o Bolsa Fam\u00edlia, criado na gest\u00e3o do ex-presidente Luiz In\u00e1cio Lula da Silva, e tem tr\u00eas benef\u00edcios b\u00e1sicos e seis suplementares, que podem ser adicionados caso o benefici\u00e1rio arranje um emprego ou tenha um filho que se destaque em competi\u00e7\u00f5es esportivas, por exemplo.<\/p>\n\n\n\n<p>&#8220;Muitos desses benefici\u00e1rios v\u00e3o ganhar inclusive mais. Al\u00e9m do Aux\u00edlio Brasil, tamb\u00e9m estamos disponibilizando o cadastramento de mais 12 milh\u00f5es de pessoas na tarifa social de energia el\u00e9trica, o que corresponde a um desconto de at\u00e9 65% nessas contas de luz para a camada mais pobre da popula\u00e7\u00e3o&#8221;, disse.<\/p>\n\n\n\n<p>Roma comemorou o in\u00edcio do pagamento do Aux\u00edlio Brasil. &#8220;O programa chega neste momento justamente onde percebemos que a pandemia [de Covid-19] est\u00e1 passando, mas os efeitos sociais e econ\u00f4micos ainda perduram em nossa sociedade, especialmente entre os mais necessitados. E, desde o princ\u00edpio, o presidente Bolsonaro se manifestou que est\u00e1 determinado em ajudar aqueles que mais precisam. \u00c9 isso que estamos fazendo no Minist\u00e9rio da Cidadania, o bra\u00e7o social do governo Bolsonaro.&#8221;<\/p>\n\n\n\n<h3>Chuvas<\/h3>\n\n\n\n<p>O ministro da Cidadania comentou, ainda, sobre as a\u00e7\u00f5es feitas pelo governo diante das fortes chuvas que atingem estados como a Bahia e Minas Gerais. Durante o final de semana, Roma sobrevoou, junto com o presidente Jair Bolsonaro (PL), a regi\u00e3o sul baiana \u2013 sete pessoas morreram e mais de 170 ficaram feridos. De acordo com o ministro, equipes da Defesa Civil e de assist\u00eancia social est\u00e3o no estado da Bahia desde o final de novembro.<\/p>\n\n\n\n<p>&#8220;\u00c9 um momento de muito desespero para as pessoas que s\u00e3o afetadas com essa calamidade. S\u00e3o muitas a\u00e7\u00f5es, que v\u00e3o desde obstruir avenidas e locais isolados, resgate de pessoas, fornecimento de medica\u00e7\u00e3o, abrigamento de pessoas que est\u00e3o desalojadas, enfim, s\u00e3o muitas a\u00e7\u00f5es que visam, no primeiro momento, a prote\u00e7\u00e3o da vida e, na sequ\u00eancia, retomar a normalidade da situa\u00e7\u00e3o, com investimentos em infraestrutura, mas tamb\u00e9m no quesito social, pois essas pessoas precisam sim de todo o amparo do governo brasileiro&#8221;, contou.<\/p>\n\n\n\n<h3>Aux\u00edlio para caminhoneiros<\/h3>\n\n\n\n<p>Bolsonaro havia dito que o governo estudava a concess\u00e3o de uma bolsa-aux\u00edlio a caminhoneiros para que arcassem com o custo do combust\u00edvel, que segue em alta. O presidente chegou a falar sobre o tema durante agenda p\u00fablica \u2013 o valor seria em torno de R$ 400 por profissional.<\/p>\n\n\n\n<p>O benef\u00edcio, contudo, ainda n\u00e3o saiu do papel. O ministro da Cidadania disse que a pasta estuda sobre o tema juntamente com os minist\u00e9rios da Infraestrutura e de Minas e Energia, mas &#8220;at\u00e9 agora n\u00e3o h\u00e1 nenhuma confirma\u00e7\u00e3o acerca desse benef\u00edcio espec\u00edfico&#8221;.<\/p>\n\n\n\n<p>&#8220;O que n\u00f3s observamos \u00e9 que s\u00e3o muitas a\u00e7\u00f5es que est\u00e3o sendo desencadeadas e outros suportes, \u00e0s vezes mais efetivos, como, inclusive, a implanta\u00e7\u00e3o de centrais para dar suporte aos profissionais liberais, os caminhoneiros aut\u00f4nomos, que est\u00e3o fazendo o transporte de Norte ao Sul de nosso Brasil, com estruturas que possam viabilizar um melhor suporte para suas atividades&#8221;, argumentou.<\/p>\n\n\n\n<p><strong>Fonte: R7<\/strong><\/p>\n","protected":false},"excerpt":{"rendered":"<p>Diante do cen\u00e1rio de reflexos da pandemia de&nbsp;Covid-19, o ministro da Cidadania, Jo\u00e3o Roma, afirmou nesta segunda-feira (13) que o governo federal vai zerar ainda neste ano a fila do&nbsp;Aux\u00edlio Brasil, programa de transfer\u00eancia de renda que come\u00e7ou a ser pago no valor de R$ 400. &#8220;No passado, o que se falava era que o [&hellip;]<\/p>\n","protected":false},"author":1,"featured_media":29328,"comment_status":"open","ping_status":"open","sticky":false,"template":"","format":"standard","meta":{"beyondwords_generate_audio":"","beyondwords_project_id":"","beyondwords_podcast_id":"","beyondwords_hash":"","beyondwords_error_message":"","beyondwords_disabled":"","publish_post_to_speechkit":"","speechkit_generate_audio":"","speechkit_project_id":"","speechkit_podcast_id":"","speechkit_hash":"","speechkit_error_message":"","speechkit_disabled":"","speechkit_access_key":"","speechkit_error":"","speechkit_info":"","speechkit_response":"","speechkit_retries":"","_speechkit_link":"","_speechkit_text":""},"categories":[134],"tags":[341,602,2647,1093,514,7302,458,4007,5711,7637],"jetpack_featured_media_url":"","_links":{"self":[{"href":"https:\/\/pinews.com.br\/index.php\/wp-json\/wp\/v2\/posts\/29327"}],"collection":[{"href":"https:\/\/pinews.com.br\/index.php\/wp-json\/wp\/v2\/posts"}],"about":[{"href":"https:\/\/pinews.com.br\/index.php\/wp-json\/wp\/v2\/types\/post"}],"author":[{"embeddable":true,"href":"https:\/\/pinews.com.br\/index.php\/wp-json\/wp\/v2\/users\/1"}],"replies":[{"embeddable":true,"href":"https:\/\/pinews.com.br\/index.php\/wp-json\/wp\/v2\/comments?post=29327"}],"version-history":[{"count":0,"href":"https:\/\/pinews.com.br\/index.php\/wp-json\/wp\/v2\/posts\/29327\/revisions"}],"wp:featuredmedia":[{"embeddable":true,"href":"https:\/\/pinews.com.br\/index.php\/wp-json\/"}],"wp:attachment":[{"href":"https:\/\/pinews.com.br\/index.php\/wp-json\/wp\/v2\/media?parent=29327"}],"wp:term":[{"taxonomy":"category","embeddable":true,"href":"https:\/\/pinews.com.br\/index.php\/wp-json\/wp\/v2\/categories?post=29327"},{"taxonomy":"post_tag","embeddable":true,"href":"https:\/\/pinews.com.br\/index.php\/wp-json\/wp\/v2\/tags?post=29327"}],"curies":[{"name":"wp","href":"https:\/\/api.w.org\/{rel}","templated":true}]}}