{"id":29414,"date":"2021-12-16T11:11:48","date_gmt":"2021-12-16T14:11:48","guid":{"rendered":"https:\/\/pinews.com.br\/?p=29414"},"modified":"2021-12-16T11:11:48","modified_gmt":"2021-12-16T14:11:48","slug":"prf-recupera-no-piaui-trator-furtado-ha-2-dias-na-paraiba","status":"publish","type":"post","link":"https:\/\/pinews.com.br\/index.php\/2021\/12\/16\/prf-recupera-no-piaui-trator-furtado-ha-2-dias-na-paraiba\/","title":{"rendered":"PRF recupera no Piau\u00ed trator furtado h\u00e1 2 dias na Para\u00edba"},"content":{"rendered":"\n<p>A Pol\u00edcia Rodovi\u00e1ria Federal (PRF) recuperou um trator, que era transportado por um homem de 46 anos, na noite de ontem (14), em Teresina.<\/p>\n\n\n\n<p>A equipe da PRF realizava fiscaliza\u00e7\u00e3o na BR 316, munic\u00edpio de Teresina, quando abordou um caminh\u00e3o prancha de cor preta. O motorista informou que transportava um maquin\u00e1rio agr\u00edcola e que estaria levando o trator para ser entregue para uma pessoa em um um posto de combust\u00edvel da regi\u00e3o.<\/p>\n\n\n\n<p>Ap\u00f3s checagens nos sistemas da PRF, verificou-se que o trator transportado possu\u00eda ocorr\u00eancia de furto\/roubo na data do dia anterior (13). Segundo boletim de ocorr\u00eancia, o trator da marca Valtra foi furtado de uma fazenda da Para\u00edba.<\/p>\n\n\n\n<p>O trator era usado na fazenda na parte de produ\u00e7\u00e3o de a\u00e7\u00facar e est\u00e1 avaliado em aproximadamente R$ 320 mil reais.<\/p>\n\n\n\n<p>O condutor foi detido e encaminhado \u00e0 delegacia da Pol\u00edcia Civil para a realiza\u00e7\u00e3o dos demais procedimentos cab\u00edveis.<\/p>\n\n\n\n<p><strong>Fonte: PRF<\/strong><\/p>\n","protected":false},"excerpt":{"rendered":"<p>A Pol\u00edcia Rodovi\u00e1ria Federal (PRF) recuperou um trator, que era transportado por um homem de 46 anos, na noite de ontem (14), em Teresina. A equipe da PRF realizava fiscaliza\u00e7\u00e3o na BR 316, munic\u00edpio de Teresina, quando abordou um caminh\u00e3o prancha de cor preta. O motorista informou que transportava um maquin\u00e1rio agr\u00edcola e que estaria [&hellip;]<\/p>\n","protected":false},"author":1,"featured_media":29415,"comment_status":"open","ping_status":"open","sticky":false,"template":"","format":"standard","meta":{"beyondwords_generate_audio":"","beyondwords_project_id":"","beyondwords_podcast_id":"","beyondwords_hash":"","beyondwords_error_message":"","beyondwords_disabled":"","publish_post_to_speechkit":"","speechkit_generate_audio":"","speechkit_project_id":"","speechkit_podcast_id":"","speechkit_hash":"","speechkit_error_message":"","speechkit_disabled":"","speechkit_access_key":"","speechkit_error":"","speechkit_info":"","speechkit_response":"","speechkit_retries":"","_speechkit_link":"","_speechkit_text":""},"categories":[134,51,78],"tags":[787,168,603,91,910,52,104,937,1239],"jetpack_featured_media_url":"","_links":{"self":[{"href":"https:\/\/pinews.com.br\/index.php\/wp-json\/wp\/v2\/posts\/29414"}],"collection":[{"href":"https:\/\/pinews.com.br\/index.php\/wp-json\/wp\/v2\/posts"}],"about":[{"href":"https:\/\/pinews.com.br\/index.php\/wp-json\/wp\/v2\/types\/post"}],"author":[{"embeddable":true,"href":"https:\/\/pinews.com.br\/index.php\/wp-json\/wp\/v2\/users\/1"}],"replies":[{"embeddable":true,"href":"https:\/\/pinews.com.br\/index.php\/wp-json\/wp\/v2\/comments?post=29414"}],"version-history":[{"count":0,"href":"https:\/\/pinews.com.br\/index.php\/wp-json\/wp\/v2\/posts\/29414\/revisions"}],"wp:featuredmedia":[{"embeddable":true,"href":"https:\/\/pinews.com.br\/index.php\/wp-json\/"}],"wp:attachment":[{"href":"https:\/\/pinews.com.br\/index.php\/wp-json\/wp\/v2\/media?parent=29414"}],"wp:term":[{"taxonomy":"category","embeddable":true,"href":"https:\/\/pinews.com.br\/index.php\/wp-json\/wp\/v2\/categories?post=29414"},{"taxonomy":"post_tag","embeddable":true,"href":"https:\/\/pinews.com.br\/index.php\/wp-json\/wp\/v2\/tags?post=29414"}],"curies":[{"name":"wp","href":"https:\/\/api.w.org\/{rel}","templated":true}]}}