{"id":29593,"date":"2021-12-23T11:02:04","date_gmt":"2021-12-23T14:02:04","guid":{"rendered":"https:\/\/pinews.com.br\/?p=29593"},"modified":"2021-12-23T11:02:04","modified_gmt":"2021-12-23T14:02:04","slug":"morre-jovem-de-25-anos-uma-das-5-vitimas-do-acidente-na-br-230-em-oeiras","status":"publish","type":"post","link":"https:\/\/pinews.com.br\/index.php\/2021\/12\/23\/morre-jovem-de-25-anos-uma-das-5-vitimas-do-acidente-na-br-230-em-oeiras\/","title":{"rendered":"Morre jovem de 25 anos, uma das 5 v\u00edtimas do acidente na BR-230 em Oeiras"},"content":{"rendered":"\n<p>Morreu na madrugada desta quarta-feira, 22, a jovem Bruna Barbosa Maia da Silva, de 25 anos. Bruna foi uma das v\u00edtimas do tr\u00e1gico acidente ocorrido ter\u00e7a-feira, 21, na BR 230, pr\u00f3ximo ao povoado Gaturiano.<\/p>\n\n\n\n<p>Bruna Maia estava em companhia de seu pai, Zilmar Maia, mec\u00e2nico conhecido por Seu Zil, e de sua irm\u00e3 Karine Barbosa Maia da Silva, que seguiam em um ve\u00edculo que colidiu com outro.<\/p>\n\n\n\n<p>Socorridos, foram levados para a UPA de Oeiras. Na noite desta quarta ela foi submetida a um procedimento, mas n\u00e3o resistiu. <\/p>\n\n\n\n<p>Sua irm\u00e3 continua internada no Hospital Deolindo Couto, assim como seu pai Zilmar Maia.<\/p>\n\n\n\n<p><img decoding=\"async\" loading=\"lazy\" width=\"1200\" height=\"1600\" scale=\"0\" src=\"https:\/\/static.meionorte.com\/uploads\/imagens\/2021\/12\/23\/morre-jovem-de-25-anos-uma-das-vitima-do-acidente-na-br-230-bbebac28-d0a2-44aa-a9fc-e87cb6542996.jpg\" alt=\"Acidente ocorreu na BR-230, em Oeiras \">Acidente ocorreu na BR-230, em Oeiras \/ Foto: Reprodu\u00e7\u00e3o<\/p>\n\n\n\n<p><strong>Fonte: Meio Norte<\/strong><\/p>\n","protected":false},"excerpt":{"rendered":"<p>Morreu na madrugada desta quarta-feira, 22, a jovem Bruna Barbosa Maia da Silva, de 25 anos. Bruna foi uma das v\u00edtimas do tr\u00e1gico acidente ocorrido ter\u00e7a-feira, 21, na BR 230, pr\u00f3ximo ao povoado Gaturiano. Bruna Maia estava em companhia de seu pai, Zilmar Maia, mec\u00e2nico conhecido por Seu Zil, e de sua irm\u00e3 Karine Barbosa [&hellip;]<\/p>\n","protected":false},"author":1,"featured_media":29594,"comment_status":"open","ping_status":"open","sticky":false,"template":"","format":"standard","meta":{"beyondwords_generate_audio":"","beyondwords_project_id":"","beyondwords_podcast_id":"","beyondwords_hash":"","beyondwords_error_message":"","beyondwords_disabled":"","publish_post_to_speechkit":"","speechkit_generate_audio":"","speechkit_project_id":"","speechkit_podcast_id":"","speechkit_hash":"","speechkit_error_message":"","speechkit_disabled":"","speechkit_access_key":"","speechkit_error":"","speechkit_info":"","speechkit_response":"","speechkit_retries":"","_speechkit_link":"","_speechkit_text":""},"categories":[51],"tags":[1155,176,82,171,888,44,46,266,119,91,1266,557,240],"jetpack_featured_media_url":"","_links":{"self":[{"href":"https:\/\/pinews.com.br\/index.php\/wp-json\/wp\/v2\/posts\/29593"}],"collection":[{"href":"https:\/\/pinews.com.br\/index.php\/wp-json\/wp\/v2\/posts"}],"about":[{"href":"https:\/\/pinews.com.br\/index.php\/wp-json\/wp\/v2\/types\/post"}],"author":[{"embeddable":true,"href":"https:\/\/pinews.com.br\/index.php\/wp-json\/wp\/v2\/users\/1"}],"replies":[{"embeddable":true,"href":"https:\/\/pinews.com.br\/index.php\/wp-json\/wp\/v2\/comments?post=29593"}],"version-history":[{"count":0,"href":"https:\/\/pinews.com.br\/index.php\/wp-json\/wp\/v2\/posts\/29593\/revisions"}],"wp:featuredmedia":[{"embeddable":true,"href":"https:\/\/pinews.com.br\/index.php\/wp-json\/"}],"wp:attachment":[{"href":"https:\/\/pinews.com.br\/index.php\/wp-json\/wp\/v2\/media?parent=29593"}],"wp:term":[{"taxonomy":"category","embeddable":true,"href":"https:\/\/pinews.com.br\/index.php\/wp-json\/wp\/v2\/categories?post=29593"},{"taxonomy":"post_tag","embeddable":true,"href":"https:\/\/pinews.com.br\/index.php\/wp-json\/wp\/v2\/tags?post=29593"}],"curies":[{"name":"wp","href":"https:\/\/api.w.org\/{rel}","templated":true}]}}