{"id":29625,"date":"2021-12-24T16:41:42","date_gmt":"2021-12-24T19:41:42","guid":{"rendered":"https:\/\/pinews.com.br\/?p=29625"},"modified":"2021-12-24T16:41:42","modified_gmt":"2021-12-24T19:41:42","slug":"deficiente-visual-e-atacado-por-abelhas-e-morre-na-praca-no-piaui","status":"publish","type":"post","link":"https:\/\/pinews.com.br\/index.php\/2021\/12\/24\/deficiente-visual-e-atacado-por-abelhas-e-morre-na-praca-no-piaui\/","title":{"rendered":"Deficiente visual \u00e9 atacado por abelhas e morre na pra\u00e7a no Piau\u00ed"},"content":{"rendered":"\n<p>Um homem, identificado como Joaquim Rodrigues da Silva, 54 anos, morreu ap\u00f3s ser atacado por abelhas, na manh\u00e3 desta sexta-feira (24). O caso aconteceu no Bairro Dirceu Arcoverde II, na zona Sudeste de Teresina.<\/p>\n\n\n\n<p>De acordo com a Pol\u00edcia Militar Ambiental, a v\u00edtima ainda chegou a correr, mas caiu na Pra\u00e7a do Mercado do Dirceu II, j\u00e1 sem vida. &#8220;O cidad\u00e3o j\u00e1 estava em \u00f3bito quando chegamos\u201d, informou o Cabo Wesley Evaristo.<\/p>\n\n\n\n<p>O Tenente Pedro Bento, do Corpo de Bombeiros, relatou que o caso aconteceu por volta das 9h. &#8220;Ele foi atacado em um terreno que est\u00e1 sendo limpo e foi correndo at\u00e9 a pra\u00e7a, onde n\u00e3o aguentou e morreu&#8221;, informou.<\/p>\n\n\n\n<p>Segundo um filho da v\u00edtima, ele era deficiente visual e tinha s\u00f3 50% da vis\u00e3o. O Corpo de Bombeiros ressaltou ainda que este tipo de ataque n\u00e3o \u00e9 comum.<\/p>\n\n\n\n<p>\u201cN\u00e3o \u00e9 comum esse ataque, provavelmente ele sofreu um choque anafil\u00e1tico por ter alergia ao veneno da abelha\u201d, afirmou.<\/p>\n\n\n\n<p>O local onde est\u00e1 o enxame de abelhas foi isolado. \u201cIsolamos o local e tem que esperar as abelhas se acalmarem para que possamos retirar\u201d, disse o tenente.<\/p>\n\n\n\n<p>O Instituto M\u00e9dico Legal (IML) removeu o corpo da v\u00edtima. Outras pessoas que passavam pelo local tamb\u00e9m foram atacadas.<\/p>\n\n\n\n<p><strong>Fonte: Flash Natanael Sousa e H\u00e9rlon Moraes\/ Cidade Verde<\/strong><\/p>\n","protected":false},"excerpt":{"rendered":"<p>Um homem, identificado como Joaquim Rodrigues da Silva, 54 anos, morreu ap\u00f3s ser atacado por abelhas, na manh\u00e3 desta sexta-feira (24). O caso aconteceu no Bairro Dirceu Arcoverde II, na zona Sudeste de Teresina. De acordo com a Pol\u00edcia Militar Ambiental, a v\u00edtima ainda chegou a correr, mas caiu na Pra\u00e7a do Mercado do Dirceu [&hellip;]<\/p>\n","protected":false},"author":1,"featured_media":29626,"comment_status":"open","ping_status":"open","sticky":false,"template":"","format":"standard","meta":{"beyondwords_generate_audio":"","beyondwords_project_id":"","beyondwords_podcast_id":"","beyondwords_hash":"","beyondwords_error_message":"","beyondwords_disabled":"","publish_post_to_speechkit":"","speechkit_generate_audio":"","speechkit_project_id":"","speechkit_podcast_id":"","speechkit_hash":"","speechkit_error_message":"","speechkit_disabled":"","speechkit_access_key":"","speechkit_error":"","speechkit_info":"","speechkit_response":"","speechkit_retries":"","_speechkit_link":"","_speechkit_text":""},"categories":[51,81],"tags":[877,878,8118,72,119,91,52,59,982,6570],"jetpack_featured_media_url":"","_links":{"self":[{"href":"https:\/\/pinews.com.br\/index.php\/wp-json\/wp\/v2\/posts\/29625"}],"collection":[{"href":"https:\/\/pinews.com.br\/index.php\/wp-json\/wp\/v2\/posts"}],"about":[{"href":"https:\/\/pinews.com.br\/index.php\/wp-json\/wp\/v2\/types\/post"}],"author":[{"embeddable":true,"href":"https:\/\/pinews.com.br\/index.php\/wp-json\/wp\/v2\/users\/1"}],"replies":[{"embeddable":true,"href":"https:\/\/pinews.com.br\/index.php\/wp-json\/wp\/v2\/comments?post=29625"}],"version-history":[{"count":0,"href":"https:\/\/pinews.com.br\/index.php\/wp-json\/wp\/v2\/posts\/29625\/revisions"}],"wp:featuredmedia":[{"embeddable":true,"href":"https:\/\/pinews.com.br\/index.php\/wp-json\/"}],"wp:attachment":[{"href":"https:\/\/pinews.com.br\/index.php\/wp-json\/wp\/v2\/media?parent=29625"}],"wp:term":[{"taxonomy":"category","embeddable":true,"href":"https:\/\/pinews.com.br\/index.php\/wp-json\/wp\/v2\/categories?post=29625"},{"taxonomy":"post_tag","embeddable":true,"href":"https:\/\/pinews.com.br\/index.php\/wp-json\/wp\/v2\/tags?post=29625"}],"curies":[{"name":"wp","href":"https:\/\/api.w.org\/{rel}","templated":true}]}}