{"id":29766,"date":"2022-01-01T20:15:40","date_gmt":"2022-01-01T23:15:40","guid":{"rendered":"https:\/\/pinews.com.br\/?p=29766"},"modified":"2022-01-01T20:15:40","modified_gmt":"2022-01-01T23:15:40","slug":"pai-e-filha-de-3-anos-morrem-apos-carro-cair-de-ponte","status":"publish","type":"post","link":"https:\/\/pinews.com.br\/index.php\/2022\/01\/01\/pai-e-filha-de-3-anos-morrem-apos-carro-cair-de-ponte\/","title":{"rendered":"Pai e filha de 3 anos morrem ap\u00f3s carro cair de ponte"},"content":{"rendered":"\n<p>Pai e filha morreram em um grave acidente, nesta sexta-feira (31), em S\u00e3o Jo\u00e3o del-Rei, a 189 km de Belo Horizonte. O homem, de 29 anos, e a menina, de 3 anos, morreram na hora ap\u00f3s o carro em que estavam cair de uma ponte de 15 m de altura.<\/p>\n\n\n\n<p>Segundo o Corpo de Bombeiros, o ve\u00edculo teria perdido o controle e caiu dentro da \u00e1gua. A m\u00e3e da crian\u00e7a, de 33 anos, tamb\u00e9m se envolveu no acidente e teve ferimentos leves. Ela foi atendida pelo Samu (Servi\u00e7o de Atendimento M\u00f3vel de Urg\u00eancia), e n\u00e3o h\u00e1 informa\u00e7\u00f5es sobre seu estado de sa\u00fade.<\/p>\n\n\n\n<p>Ao chegarem ao local, os militares encontraram os corpos \u00e0s margens do rio. As v\u00edtimas teriam sido retiradas do interior do ve\u00edculo por testemunhas.<\/p>\n\n\n\n<p>As causas do acidente ainda n\u00e3o foram esclarecidas. O ve\u00edculo ser\u00e1 retirado do rio pela PRF (Pol\u00edcia Rodovi\u00e1ria Federal).<\/p>\n\n\n\n<p><strong>Fonte: R7<\/strong><\/p>\n","protected":false},"excerpt":{"rendered":"<p>Pai e filha morreram em um grave acidente, nesta sexta-feira (31), em S\u00e3o Jo\u00e3o del-Rei, a 189 km de Belo Horizonte. O homem, de 29 anos, e a menina, de 3 anos, morreram na hora ap\u00f3s o carro em que estavam cair de uma ponte de 15 m de altura. Segundo o Corpo de Bombeiros, [&hellip;]<\/p>\n","protected":false},"author":1,"featured_media":29767,"comment_status":"open","ping_status":"open","sticky":false,"template":"","format":"standard","meta":{"beyondwords_generate_audio":"","beyondwords_project_id":"","beyondwords_podcast_id":"","beyondwords_hash":"","beyondwords_error_message":"","beyondwords_disabled":"","publish_post_to_speechkit":"","speechkit_generate_audio":"","speechkit_project_id":"","speechkit_podcast_id":"","speechkit_hash":"","speechkit_error_message":"","speechkit_disabled":"","speechkit_access_key":"","speechkit_error":"","speechkit_info":"","speechkit_response":"","speechkit_retries":"","_speechkit_link":"","_speechkit_text":""},"categories":[134],"tags":[82,70,353,62,44,358,261,290,865],"jetpack_featured_media_url":"","_links":{"self":[{"href":"https:\/\/pinews.com.br\/index.php\/wp-json\/wp\/v2\/posts\/29766"}],"collection":[{"href":"https:\/\/pinews.com.br\/index.php\/wp-json\/wp\/v2\/posts"}],"about":[{"href":"https:\/\/pinews.com.br\/index.php\/wp-json\/wp\/v2\/types\/post"}],"author":[{"embeddable":true,"href":"https:\/\/pinews.com.br\/index.php\/wp-json\/wp\/v2\/users\/1"}],"replies":[{"embeddable":true,"href":"https:\/\/pinews.com.br\/index.php\/wp-json\/wp\/v2\/comments?post=29766"}],"version-history":[{"count":0,"href":"https:\/\/pinews.com.br\/index.php\/wp-json\/wp\/v2\/posts\/29766\/revisions"}],"wp:featuredmedia":[{"embeddable":true,"href":"https:\/\/pinews.com.br\/index.php\/wp-json\/"}],"wp:attachment":[{"href":"https:\/\/pinews.com.br\/index.php\/wp-json\/wp\/v2\/media?parent=29766"}],"wp:term":[{"taxonomy":"category","embeddable":true,"href":"https:\/\/pinews.com.br\/index.php\/wp-json\/wp\/v2\/categories?post=29766"},{"taxonomy":"post_tag","embeddable":true,"href":"https:\/\/pinews.com.br\/index.php\/wp-json\/wp\/v2\/tags?post=29766"}],"curies":[{"name":"wp","href":"https:\/\/api.w.org\/{rel}","templated":true}]}}