{"id":29793,"date":"2022-01-03T19:32:03","date_gmt":"2022-01-03T22:32:03","guid":{"rendered":"https:\/\/pinews.com.br\/?p=29793"},"modified":"2022-01-03T19:32:03","modified_gmt":"2022-01-03T22:32:03","slug":"chuva-deixa-ruas-e-avenidas-de-oeiras-alagadas","status":"publish","type":"post","link":"https:\/\/pinews.com.br\/index.php\/2022\/01\/03\/chuva-deixa-ruas-e-avenidas-de-oeiras-alagadas\/","title":{"rendered":"Chuva deixa ruas e avenidas de Oeiras alagadas"},"content":{"rendered":"\n<p>A chuva intensa, registrada na madrugada desta segunda-feira (3) em Oeiras, deixou ruas e avenidas da cidade alagadas. Em v\u00eddeos gravados por populares e que circulam nas redes sociais, \u00e9 poss\u00edvel ver os estragos causados pelo volume da \u00e1gua que, em determinadas imagens, chegam a invadir estabelecimentos comerciais.<\/p>\n\n\n\n<p>Segundo La\u00e9rcio Vieira, secret\u00e1rio municipal de Obras, a situa\u00e7\u00e3o aconteceu nas proximidades da Avenida Duque de Caxias, na BR-230, e na \u00e1rea mais central da cidade. Ele explica que apesar do local contar com estrutura para a drenagem da \u00e1gua, a intensidade do volume pluviom\u00e9trico foi acima do esperado.<\/p>\n\n\n\n<p>&#8220;A regi\u00e3o que inunda \u00e9 a central, onde j\u00e1 tem uma galeria, mas inunda ruas do entorno. Como a cidade tamb\u00e9m \u00e9 cortada por um riacho, quando ele ta com um grande volume de \u00e1gua acaba ocasionando o alagamento de algumas ruas adjacentes, mas n\u00e3o ao ponto de fam\u00edlias serem realocadas ou algum tipo de situa\u00e7\u00e3o\u201d, explicou o gestor ao Cidadeverde.com.<\/p>\n\n\n\n<p>Apesar da situa\u00e7\u00e3o, Vieira ressaltou que nenhuma fam\u00edlia precisou ser realocada at\u00e9 o momento. Em nota, a Prefeitura de Oeiras informou que est\u00e1 monitorando as \u00e1reas em situa\u00e7\u00f5es mais cr\u00edticas, mapeando os locais onde a chuva provocou danos materiais e \u201cconcentrando esfor\u00e7os para solucionar os problemas em trechos danificados\u201d.<\/p>\n\n\n\n<figure class=\"wp-block-embed-youtube wp-block-embed is-type-video is-provider-youtube wp-embed-aspect-16-9 wp-has-aspect-ratio\"><div class=\"wp-block-embed__wrapper\">\n<iframe loading=\"lazy\" title=\"Chuva causa alagamentos em Oeiras\" width=\"1170\" height=\"658\" src=\"https:\/\/www.youtube.com\/embed\/eV5TADso-yg?feature=oembed\" frameborder=\"0\" allow=\"accelerometer; autoplay; clipboard-write; encrypted-media; gyroscope; picture-in-picture; web-share\" allowfullscreen><\/iframe>\n<\/div><\/figure>\n\n\n\n<p><strong>Confira a nota na \u00edntegra:<\/strong><\/p>\n\n\n\n<blockquote class=\"wp-block-quote\"><p>Sobre a forte chuva que atingiu a cidade nesta segunda-feira, 03, a Prefeitura de Oeiras informa que est\u00e1 monitorando as \u00e1reas em situa\u00e7\u00e3o mais cr\u00edtica, mapeando as principais ocorr\u00eancias com danos materiais e concentrando esfor\u00e7os para solucionar os problemas nos trechos danificados em todas as regi\u00f5es do munic\u00edpio.<\/p><p>As a\u00e7\u00f5es do poder p\u00fablico s\u00e3o para acelerar a resolutividade dos problemas e minimizar os impactos causados pela chuva, realizando as interven\u00e7\u00f5es e reparos necess\u00e1rios para garantir mais tranquilidade e seguran\u00e7a \u00e0 popula\u00e7\u00e3o.<\/p><\/blockquote>\n\n\n\n<p><br><strong>Fonte: Breno Moreno\/ Cidade Verde<\/strong><\/p>\n","protected":false},"excerpt":{"rendered":"<p>A chuva intensa, registrada na madrugada desta segunda-feira (3) em Oeiras, deixou ruas e avenidas da cidade alagadas. Em v\u00eddeos gravados por populares e que circulam nas redes sociais, \u00e9 poss\u00edvel ver os estragos causados pelo volume da \u00e1gua que, em determinadas imagens, chegam a invadir estabelecimentos comerciais. Segundo La\u00e9rcio Vieira, secret\u00e1rio municipal de Obras, [&hellip;]<\/p>\n","protected":false},"author":1,"featured_media":29794,"comment_status":"open","ping_status":"open","sticky":false,"template":"","format":"standard","meta":{"beyondwords_generate_audio":"","beyondwords_project_id":"","beyondwords_podcast_id":"","beyondwords_hash":"","beyondwords_error_message":"","beyondwords_disabled":"","publish_post_to_speechkit":"","speechkit_generate_audio":"","speechkit_project_id":"","speechkit_podcast_id":"","speechkit_hash":"","speechkit_error_message":"","speechkit_disabled":"","speechkit_access_key":"","speechkit_error":"","speechkit_info":"","speechkit_response":"","speechkit_retries":"","_speechkit_link":"","_speechkit_text":""},"categories":[51],"tags":[1866,1867,43,44,252,1266,1711],"jetpack_featured_media_url":"","_links":{"self":[{"href":"https:\/\/pinews.com.br\/index.php\/wp-json\/wp\/v2\/posts\/29793"}],"collection":[{"href":"https:\/\/pinews.com.br\/index.php\/wp-json\/wp\/v2\/posts"}],"about":[{"href":"https:\/\/pinews.com.br\/index.php\/wp-json\/wp\/v2\/types\/post"}],"author":[{"embeddable":true,"href":"https:\/\/pinews.com.br\/index.php\/wp-json\/wp\/v2\/users\/1"}],"replies":[{"embeddable":true,"href":"https:\/\/pinews.com.br\/index.php\/wp-json\/wp\/v2\/comments?post=29793"}],"version-history":[{"count":0,"href":"https:\/\/pinews.com.br\/index.php\/wp-json\/wp\/v2\/posts\/29793\/revisions"}],"wp:featuredmedia":[{"embeddable":true,"href":"https:\/\/pinews.com.br\/index.php\/wp-json\/"}],"wp:attachment":[{"href":"https:\/\/pinews.com.br\/index.php\/wp-json\/wp\/v2\/media?parent=29793"}],"wp:term":[{"taxonomy":"category","embeddable":true,"href":"https:\/\/pinews.com.br\/index.php\/wp-json\/wp\/v2\/categories?post=29793"},{"taxonomy":"post_tag","embeddable":true,"href":"https:\/\/pinews.com.br\/index.php\/wp-json\/wp\/v2\/tags?post=29793"}],"curies":[{"name":"wp","href":"https:\/\/api.w.org\/{rel}","templated":true}]}}