{"id":2981,"date":"2019-12-14T11:43:51","date_gmt":"2019-12-14T14:43:51","guid":{"rendered":"https:\/\/pinews.com.br\/?p=2981"},"modified":"2019-12-14T11:43:51","modified_gmt":"2019-12-14T14:43:51","slug":"empresario-fica-ferido-apos-escapar-de-explosao-de-carro-no-sul-do-piaui","status":"publish","type":"post","link":"https:\/\/pinews.com.br\/index.php\/2019\/12\/14\/empresario-fica-ferido-apos-escapar-de-explosao-de-carro-no-sul-do-piaui\/","title":{"rendered":"Empres\u00e1rio fica ferido ap\u00f3s escapar de explos\u00e3o de carro no Sul do Piau\u00ed"},"content":{"rendered":"\n<p>Foto: Reprodu\u00e7\u00e3o <\/p>\n\n\n\n<p style=\"text-align:justify\">Um empres\u00e1rio do munic\u00edpio de Bom Jesus, Sul do Piau\u00ed, conduzia seu ve\u00edculo modelo Mitsubushi L200, com sentido a zona rural de Currais, em que havia adquirido uma propriedade. No trajeto, o mesmo acabou sentindo um cheiro de fuma\u00e7a vindo do cap\u00f4. O caso aconteceu na tarde desta sexta-feira (13). As informa\u00e7\u00f5es s\u00e3o do Portal Gurgu\u00e9ia. <\/p>\n\n\n\n<p style=\"text-align:justify\">O homem ent\u00e3o resolveu estacionar e verificar o problema. Quando desceu do ve\u00edculo e abriu a porta do passageiro foi surpreendido por uma explos\u00e3o. Por instantes, ele n\u00e3o foi atingido pelas chamas.&nbsp;<\/p>\n\n\n\n<p style=\"text-align:justify\">A v\u00edtima era o \u00fanico ocupante do ve\u00edculo, que sofreu apenas queimaduras no bra\u00e7o e na regi\u00e3o do rosto. Ele foi encaminhado ao Hospital Regional de Bom Jesus. Por sorte, n\u00e3o sofreu nenhuma fratura ou ferimento mais grave e seu quadro \u00e9 est\u00e1vel. J\u00e1 o ve\u00edculo, foi totalmente consumido pelas chamas.<\/p>\n\n\n\n<p><strong>Fonte: Meio Norte<\/strong> <\/p>\n\n\n\n<p><strong>Com informa\u00e7\u00f5es do Portal Gurgu\u00e9ia<\/strong><\/p>\n","protected":false},"excerpt":{"rendered":"<p>Foto: Reprodu\u00e7\u00e3o Um empres\u00e1rio do munic\u00edpio de Bom Jesus, Sul do Piau\u00ed, conduzia seu ve\u00edculo modelo Mitsubushi L200, com sentido a zona rural de Currais, em que havia adquirido uma propriedade. No trajeto, o mesmo acabou sentindo um cheiro de fuma\u00e7a vindo do cap\u00f4. O caso aconteceu na tarde desta sexta-feira (13). As informa\u00e7\u00f5es s\u00e3o [&hellip;]<\/p>\n","protected":false},"author":1,"featured_media":2982,"comment_status":"open","ping_status":"open","sticky":false,"template":"","format":"standard","meta":{"beyondwords_generate_audio":"","beyondwords_project_id":"","beyondwords_podcast_id":"","beyondwords_hash":"","beyondwords_error_message":"","beyondwords_disabled":"","publish_post_to_speechkit":"","speechkit_generate_audio":"","speechkit_project_id":"","speechkit_podcast_id":"","speechkit_hash":"","speechkit_error_message":"","speechkit_disabled":"","speechkit_access_key":"","speechkit_error":"","speechkit_info":"","speechkit_response":"","speechkit_retries":"","_speechkit_link":"","_speechkit_text":""},"categories":[1184,51],"tags":[62,152,1636,52],"jetpack_featured_media_url":"","_links":{"self":[{"href":"https:\/\/pinews.com.br\/index.php\/wp-json\/wp\/v2\/posts\/2981"}],"collection":[{"href":"https:\/\/pinews.com.br\/index.php\/wp-json\/wp\/v2\/posts"}],"about":[{"href":"https:\/\/pinews.com.br\/index.php\/wp-json\/wp\/v2\/types\/post"}],"author":[{"embeddable":true,"href":"https:\/\/pinews.com.br\/index.php\/wp-json\/wp\/v2\/users\/1"}],"replies":[{"embeddable":true,"href":"https:\/\/pinews.com.br\/index.php\/wp-json\/wp\/v2\/comments?post=2981"}],"version-history":[{"count":0,"href":"https:\/\/pinews.com.br\/index.php\/wp-json\/wp\/v2\/posts\/2981\/revisions"}],"wp:featuredmedia":[{"embeddable":true,"href":"https:\/\/pinews.com.br\/index.php\/wp-json\/"}],"wp:attachment":[{"href":"https:\/\/pinews.com.br\/index.php\/wp-json\/wp\/v2\/media?parent=2981"}],"wp:term":[{"taxonomy":"category","embeddable":true,"href":"https:\/\/pinews.com.br\/index.php\/wp-json\/wp\/v2\/categories?post=2981"},{"taxonomy":"post_tag","embeddable":true,"href":"https:\/\/pinews.com.br\/index.php\/wp-json\/wp\/v2\/tags?post=2981"}],"curies":[{"name":"wp","href":"https:\/\/api.w.org\/{rel}","templated":true}]}}