{"id":29840,"date":"2022-01-05T20:06:16","date_gmt":"2022-01-05T23:06:16","guid":{"rendered":"https:\/\/pinews.com.br\/?p=29840"},"modified":"2022-01-05T20:06:16","modified_gmt":"2022-01-05T23:06:16","slug":"aviao-da-gol-faz-pouso-forcado-em-petrolina-apos-motor-apagar-audio","status":"publish","type":"post","link":"https:\/\/pinews.com.br\/index.php\/2022\/01\/05\/aviao-da-gol-faz-pouso-forcado-em-petrolina-apos-motor-apagar-audio\/","title":{"rendered":"Avi\u00e3o da Gol faz pouso for\u00e7ado em Petrolina ap\u00f3s motor apagar; \u00e1udio"},"content":{"rendered":"\n<p>Um avi\u00e3o da Gol do modelo Boeing 737-800, que transportava 182 pessoas na v\u00e9spera de Ano-Novo (31\/12), precisou fazer um pouso de emerg\u00eancia em Petrolina, no estado de Pernambuco. A aeronave saiu de Juazeiro do Norte, no Cear\u00e1, e tinha como destino Guarulhos, em S\u00e3o Paulo. A rota foi modificada ap\u00f3s o ve\u00edculo a\u00e9reo apresentar falha em um dos motores.<\/p>\n\n\n\n<p>Pane foi identificada no motor direito durante a fase de subida. Aproximadamente 35 minutos ap\u00f3s a decolagem, o avi\u00e3o fez um pouso seguro no Aeroporto Senador Nilo Coelho, em Petrolina, segundo informa\u00e7\u00f5es obtidas pelo G1.<\/p>\n\n\n\n<figure class=\"wp-block-image\"><img decoding=\"async\" src=\"https:\/\/s2.glbimg.com\/UwLGxgSySRuseJ6lLQK4eUMU7w8=\/0x0:696x522\/984x0\/smart\/filters:strip_icc()\/i.s3.glbimg.com\/v1\/AUTH_59edd422c0c84a879bd37670ae4f538a\/internal_photos\/bs\/2022\/q\/2\/C24UBjTd2tRBYqYvFiOA\/motor-voo-gol.jpeg\" alt=\"Imagem mostra motor que parou de funcionar em avi\u00e3o que fez pouso de emerg\u00eancia em Petrolina (PE) \u2014 Foto: Arquivo Pessoal\"\/><figcaption>Imagem mostra motor que parou de funcionar em avi\u00e3o que fez pouso de emerg\u00eancia em Petrolina (PE) \u2014 Foto: Arquivo Pessoal<\/figcaption><\/figure>\n\n\n\n<p>No \u00e1udio que registrou a conversa de um dos pilotos com o controle de tr\u00e1fego a\u00e9reo, \u00e9 poss\u00edvel ouvir o alarme soar na cabine de comando e, logo depois, o piloto diz: \u201cPan-pan, pan-pan, pan-pan\u201d. A express\u00e3o, quando repetida, significa que a tripula\u00e7\u00e3o anunciou uma situa\u00e7\u00e3o de emerg\u00eancia.<\/p>\n\n\n\n<p><strong>Confira:<\/strong><\/p>\n\n\n\n<figure class=\"wp-block-embed-youtube wp-block-embed is-type-video is-provider-youtube wp-embed-aspect-16-9 wp-has-aspect-ratio\"><div class=\"wp-block-embed__wrapper\">\n<iframe loading=\"lazy\" title=\"Avi\u00e3o da Gol faz pouso for\u00e7ado em Petrolina ap\u00f3s motor apagar; \u00e1udio\" width=\"1170\" height=\"658\" src=\"https:\/\/www.youtube.com\/embed\/wsZ2_RkINIo?feature=oembed\" frameborder=\"0\" allow=\"accelerometer; autoplay; clipboard-write; encrypted-media; gyroscope; picture-in-picture; web-share\" allowfullscreen><\/iframe>\n<\/div><\/figure>\n\n\n\n<p><strong>Fonte: Metr\u00f3poles<\/strong><\/p>\n","protected":false},"excerpt":{"rendered":"<p>Um avi\u00e3o da Gol do modelo Boeing 737-800, que transportava 182 pessoas na v\u00e9spera de Ano-Novo (31\/12), precisou fazer um pouso de emerg\u00eancia em Petrolina, no estado de Pernambuco. A aeronave saiu de Juazeiro do Norte, no Cear\u00e1, e tinha como destino Guarulhos, em S\u00e3o Paulo. A rota foi modificada ap\u00f3s o ve\u00edculo a\u00e9reo apresentar [&hellip;]<\/p>\n","protected":false},"author":1,"featured_media":29841,"comment_status":"open","ping_status":"open","sticky":false,"template":"","format":"standard","meta":{"beyondwords_generate_audio":"","beyondwords_project_id":"","beyondwords_podcast_id":"","beyondwords_hash":"","beyondwords_error_message":"","beyondwords_disabled":"","publish_post_to_speechkit":"","speechkit_generate_audio":"","speechkit_project_id":"","speechkit_podcast_id":"","speechkit_hash":"","speechkit_error_message":"","speechkit_disabled":"","speechkit_access_key":"","speechkit_error":"","speechkit_info":"","speechkit_response":"","speechkit_retries":"","_speechkit_link":"","_speechkit_text":""},"categories":[134],"tags":[9679,70,3235,7254,122,46,963,7332,9680,9547,9681,7333],"jetpack_featured_media_url":"","_links":{"self":[{"href":"https:\/\/pinews.com.br\/index.php\/wp-json\/wp\/v2\/posts\/29840"}],"collection":[{"href":"https:\/\/pinews.com.br\/index.php\/wp-json\/wp\/v2\/posts"}],"about":[{"href":"https:\/\/pinews.com.br\/index.php\/wp-json\/wp\/v2\/types\/post"}],"author":[{"embeddable":true,"href":"https:\/\/pinews.com.br\/index.php\/wp-json\/wp\/v2\/users\/1"}],"replies":[{"embeddable":true,"href":"https:\/\/pinews.com.br\/index.php\/wp-json\/wp\/v2\/comments?post=29840"}],"version-history":[{"count":0,"href":"https:\/\/pinews.com.br\/index.php\/wp-json\/wp\/v2\/posts\/29840\/revisions"}],"wp:featuredmedia":[{"embeddable":true,"href":"https:\/\/pinews.com.br\/index.php\/wp-json\/"}],"wp:attachment":[{"href":"https:\/\/pinews.com.br\/index.php\/wp-json\/wp\/v2\/media?parent=29840"}],"wp:term":[{"taxonomy":"category","embeddable":true,"href":"https:\/\/pinews.com.br\/index.php\/wp-json\/wp\/v2\/categories?post=29840"},{"taxonomy":"post_tag","embeddable":true,"href":"https:\/\/pinews.com.br\/index.php\/wp-json\/wp\/v2\/tags?post=29840"}],"curies":[{"name":"wp","href":"https:\/\/api.w.org\/{rel}","templated":true}]}}