{"id":29864,"date":"2022-01-07T11:14:12","date_gmt":"2022-01-07T14:14:12","guid":{"rendered":"https:\/\/pinews.com.br\/?p=29864"},"modified":"2022-01-07T11:14:12","modified_gmt":"2022-01-07T14:14:12","slug":"cabo-da-policia-militar-e-encontrado-morto-em-residencia-no-piaui","status":"publish","type":"post","link":"https:\/\/pinews.com.br\/index.php\/2022\/01\/07\/cabo-da-policia-militar-e-encontrado-morto-em-residencia-no-piaui\/","title":{"rendered":"Cabo da Pol\u00edcia Militar \u00e9 encontrado morto em resid\u00eancia no Piau\u00ed"},"content":{"rendered":"\n<p>No munic\u00edpio de Valen\u00e7a, o cabo da Pol\u00edcia Militar, Antonio Horlando de Sousa Veloso, de 49 anos, foi encontrado morto nesta quinta-feira (06\/12) na pr\u00f3pria resid\u00eancia. Ele foi v\u00edtima de um infarto. <\/p>\n\n\n\n<p>Antonio Horlando era lotado em Francin\u00f3polis. Ele ingressou nas fileiras da PM-PI no ano de 1992 e nesse per\u00edodo prestou servi\u00e7o na \u00e1rea da 2\u00b0Cia\/4\u00b0 BPM.<\/p>\n\n\n\n<p>A Pol\u00edcia Militar do Piau\u00ed emitiu uma nota destacando o seu trabalho e o seu elevado senso de humor entre os colegas de servi\u00e7o.<\/p>\n\n\n\n<p>\u201cO Comando Geral da PMPI, o Comando da Companhia de Valen\u00e7a e toda a fam\u00edlia policial militar solidarizam-se com a fam\u00edlia e amigos, e rogam que a miseric\u00f3rdia de Deus conforte a todos diante de irrepar\u00e1vel perda\u201d, diz trecho da nota de pesar divulgada pela PM-PI.<\/p>\n\n\n\n<p><strong>Nota da Pol\u00edcia Militar do Piau\u00ed<\/strong><\/p>\n\n\n\n<p>\u00c9 com pesar que a Pol\u00edcia Militar do Piau\u00ed informa o falecimento do Cabo Ant\u00f4nio Horlando de Sousa Veloso, ocorrido nesta quinta \u2013 feira (06\/01), v\u00edtima de um infarto em sua resid\u00eancia na cidade de Valen\u00e7a.<\/p>\n\n\n\n<p>Cabo Horlando tinha 49 anos de idade, ingressou nas fileiras da PMPI no ano de 1992 e nesse tempo, prestou servi\u00e7o na \u00e1rea da 2\u00b0Cia\/4\u00b0 BPM. Era conhecido entre os amigos pela alegria e elevado senso de humor.<\/p>\n\n\n\n<p>O Comando Geral da PMPI, o Comando da Companhia de Valen\u00e7a e toda a fam\u00edlia policial militar solidarizam-se com a fam\u00edlia e amigos, e rogam que a miseric\u00f3rdia de Deus conforte a todos diante de irrepar\u00e1vel perda.<\/p>\n\n\n\n<p><strong>Fonte: Pol\u00edcia Militar do Piau\u00ed<\/strong><\/p>\n","protected":false},"excerpt":{"rendered":"<p>No munic\u00edpio de Valen\u00e7a, o cabo da Pol\u00edcia Militar, Antonio Horlando de Sousa Veloso, de 49 anos, foi encontrado morto nesta quinta-feira (06\/12) na pr\u00f3pria resid\u00eancia. Ele foi v\u00edtima de um infarto. Antonio Horlando era lotado em Francin\u00f3polis. Ele ingressou nas fileiras da PM-PI no ano de 1992 e nesse per\u00edodo prestou servi\u00e7o na \u00e1rea [&hellip;]<\/p>\n","protected":false},"author":1,"featured_media":29865,"comment_status":"open","ping_status":"open","sticky":false,"template":"","format":"standard","meta":{"beyondwords_generate_audio":"","beyondwords_project_id":"","beyondwords_podcast_id":"","beyondwords_hash":"","beyondwords_error_message":"","beyondwords_disabled":"","publish_post_to_speechkit":"","speechkit_generate_audio":"","speechkit_project_id":"","speechkit_podcast_id":"","speechkit_hash":"","speechkit_error_message":"","speechkit_disabled":"","speechkit_access_key":"","speechkit_error":"","speechkit_info":"","speechkit_response":"","speechkit_retries":"","_speechkit_link":"","_speechkit_text":""},"categories":[51,78],"tags":[1408,122,72,46,200,1349,197,52,466,324],"jetpack_featured_media_url":"","_links":{"self":[{"href":"https:\/\/pinews.com.br\/index.php\/wp-json\/wp\/v2\/posts\/29864"}],"collection":[{"href":"https:\/\/pinews.com.br\/index.php\/wp-json\/wp\/v2\/posts"}],"about":[{"href":"https:\/\/pinews.com.br\/index.php\/wp-json\/wp\/v2\/types\/post"}],"author":[{"embeddable":true,"href":"https:\/\/pinews.com.br\/index.php\/wp-json\/wp\/v2\/users\/1"}],"replies":[{"embeddable":true,"href":"https:\/\/pinews.com.br\/index.php\/wp-json\/wp\/v2\/comments?post=29864"}],"version-history":[{"count":0,"href":"https:\/\/pinews.com.br\/index.php\/wp-json\/wp\/v2\/posts\/29864\/revisions"}],"wp:featuredmedia":[{"embeddable":true,"href":"https:\/\/pinews.com.br\/index.php\/wp-json\/"}],"wp:attachment":[{"href":"https:\/\/pinews.com.br\/index.php\/wp-json\/wp\/v2\/media?parent=29864"}],"wp:term":[{"taxonomy":"category","embeddable":true,"href":"https:\/\/pinews.com.br\/index.php\/wp-json\/wp\/v2\/categories?post=29864"},{"taxonomy":"post_tag","embeddable":true,"href":"https:\/\/pinews.com.br\/index.php\/wp-json\/wp\/v2\/tags?post=29864"}],"curies":[{"name":"wp","href":"https:\/\/api.w.org\/{rel}","templated":true}]}}