{"id":29869,"date":"2022-01-07T11:21:12","date_gmt":"2022-01-07T14:21:12","guid":{"rendered":"https:\/\/pinews.com.br\/?p=29869"},"modified":"2022-01-07T11:21:12","modified_gmt":"2022-01-07T14:21:12","slug":"no-piaui-22-detentos-nao-retornaram-aos-presidios-apos-saida-de-natal","status":"publish","type":"post","link":"https:\/\/pinews.com.br\/index.php\/2022\/01\/07\/no-piaui-22-detentos-nao-retornaram-aos-presidios-apos-saida-de-natal\/","title":{"rendered":"No Piau\u00ed, 22 detentos n\u00e3o retornaram aos pres\u00eddios ap\u00f3s sa\u00edda de Natal"},"content":{"rendered":"\n<p>A Secretaria Estadual de Justi\u00e7a informou nesta sexta-feira (07) que 22 detentos beneficiados com a sa\u00edda tempor\u00e1ria de Natal n\u00e3o retornaram ao sistema prisional do Piau\u00ed. Os presos deveriam ter retornado para as unidades prisionais at\u00e9 a \u00faltima ter\u00e7a-feira, 04 de janeiro. Agora, eles s\u00e3o considerados foragidos.&nbsp;<\/p>\n\n\n\n<p>No Piau\u00ed, 387 detentos, do regime sebimaberto, foram beneficiados com a sa\u00edda tempor\u00e1ria, entre os dias 23 de dezembro e 4 de janeiro. A liberdade provis\u00f3ria foi concedida pela Vara de Execu\u00e7\u00f5es Penais, do Tribunal de Justi\u00e7a do Piau\u00ed. <\/p>\n\n\n\n<p>De acordo com a Secretaria de Justi\u00e7a, a maioria dos presos beneficiados com a sa\u00edda tempor\u00e1ria do Natal cumpre pena na Col\u00f4nia Agr\u00edcola Major Cesar, na BR 343. Os demais detentos cumprem o regime semiaberto em outras unidades prisionais, na capital e no interior.&nbsp;&nbsp;<\/p>\n\n\n\n<p>Na \u00faltima ter\u00e7a-feira, Dois detentos da Col\u00f4nia Agr\u00edcola Major C\u00e9sar Oliveira, beneficiados com a sa\u00edda tempor\u00e1ria, foram interceptados por policiais penais e militares das Rondas Ostensivas de Car\u00e1ter Prisional (Rocap) nas imedia\u00e7\u00f5es da unidade prisional. A dupla estava acompanhada portava duas pistolas e 61 muni\u00e7\u00f5es.&nbsp;<\/p>\n\n\n\n<p><strong>Fonte: Natanael Souza\/ Cidade Verde<\/strong><\/p>\n","protected":false},"excerpt":{"rendered":"<p>A Secretaria Estadual de Justi\u00e7a informou nesta sexta-feira (07) que 22 detentos beneficiados com a sa\u00edda tempor\u00e1ria de Natal n\u00e3o retornaram ao sistema prisional do Piau\u00ed. Os presos deveriam ter retornado para as unidades prisionais at\u00e9 a \u00faltima ter\u00e7a-feira, 04 de janeiro. Agora, eles s\u00e3o considerados foragidos.&nbsp; No Piau\u00ed, 387 detentos, do regime sebimaberto, foram [&hellip;]<\/p>\n","protected":false},"author":1,"featured_media":29870,"comment_status":"open","ping_status":"open","sticky":false,"template":"","format":"standard","meta":{"beyondwords_generate_audio":"","beyondwords_project_id":"","beyondwords_podcast_id":"","beyondwords_hash":"","beyondwords_error_message":"","beyondwords_disabled":"","publish_post_to_speechkit":"","speechkit_generate_audio":"","speechkit_project_id":"","speechkit_podcast_id":"","speechkit_hash":"","speechkit_error_message":"","speechkit_disabled":"","speechkit_access_key":"","speechkit_error":"","speechkit_info":"","speechkit_response":"","speechkit_retries":"","_speechkit_link":"","_speechkit_text":""},"categories":[51,78],"tags":[522,142,70,44,2259,653,7070,52,1383,9687,7754],"jetpack_featured_media_url":"","_links":{"self":[{"href":"https:\/\/pinews.com.br\/index.php\/wp-json\/wp\/v2\/posts\/29869"}],"collection":[{"href":"https:\/\/pinews.com.br\/index.php\/wp-json\/wp\/v2\/posts"}],"about":[{"href":"https:\/\/pinews.com.br\/index.php\/wp-json\/wp\/v2\/types\/post"}],"author":[{"embeddable":true,"href":"https:\/\/pinews.com.br\/index.php\/wp-json\/wp\/v2\/users\/1"}],"replies":[{"embeddable":true,"href":"https:\/\/pinews.com.br\/index.php\/wp-json\/wp\/v2\/comments?post=29869"}],"version-history":[{"count":0,"href":"https:\/\/pinews.com.br\/index.php\/wp-json\/wp\/v2\/posts\/29869\/revisions"}],"wp:featuredmedia":[{"embeddable":true,"href":"https:\/\/pinews.com.br\/index.php\/wp-json\/"}],"wp:attachment":[{"href":"https:\/\/pinews.com.br\/index.php\/wp-json\/wp\/v2\/media?parent=29869"}],"wp:term":[{"taxonomy":"category","embeddable":true,"href":"https:\/\/pinews.com.br\/index.php\/wp-json\/wp\/v2\/categories?post=29869"},{"taxonomy":"post_tag","embeddable":true,"href":"https:\/\/pinews.com.br\/index.php\/wp-json\/wp\/v2\/tags?post=29869"}],"curies":[{"name":"wp","href":"https:\/\/api.w.org\/{rel}","templated":true}]}}