{"id":29924,"date":"2022-01-09T19:35:07","date_gmt":"2022-01-09T22:35:07","guid":{"rendered":"https:\/\/pinews.com.br\/?p=29924"},"modified":"2022-01-09T19:35:07","modified_gmt":"2022-01-09T22:35:07","slug":"veiculo-invadiu-contramao-e-causou-acidente-que-vitimou-4-pessoas-diz-prf","status":"publish","type":"post","link":"https:\/\/pinews.com.br\/index.php\/2022\/01\/09\/veiculo-invadiu-contramao-e-causou-acidente-que-vitimou-4-pessoas-diz-prf\/","title":{"rendered":"Ve\u00edculo invadiu contram\u00e3o e causou acidente que vitimou 4 pessoas, diz PRF"},"content":{"rendered":"\n<p>A&nbsp;Pol\u00edcia Rodovi\u00e1ria Federal do Maranh\u00e3o (PRF-MA)&nbsp;divulgou na manh\u00e3 deste domingo (09), mais detalhes sobre o&nbsp;grave acidente envolvendo tr\u00eas ve\u00edculos em um trecho da BR-316, pr\u00f3ximo \u00e0 entrada da cidade de Timon.&nbsp;Quatro \u00f3bitos foram confirmados, sendo um homem e tr\u00eas mulheres, com idades de 30, 32, 20 e 13 anos.<\/p>\n\n\n\n<p>Ao Meionorte.com, a PRF-MA informou que o autom\u00f3vel Fiat P\u00e1lio trafegava no sentido Caxias transportando cinco jovens, quando entrou para a contram\u00e3o e foi colhido transversalmente por uma picape Saveiro, de uma empresa de t\u00edtulo de capitaliza\u00e7\u00e3o de Teresina, que seguia no sentido contr\u00e1rio. Uma caminhonete Fiat Toro que seguia logo atr\u00e1s, que n\u00e3o conseguiu parar e colidiu na traseira da Saveiro.<\/p>\n\n\n\n<figure class=\"wp-block-image\"><img decoding=\"async\" src=\"https:\/\/www.meionorte.com\/uploads\/albuns\/2022\/1\/1029\/veiculo-invadiu-contramao-e-causou-acidente-que-vitimou-4-pessoas-diz-prf-ce691456-b44d-4114-a463-a8254008de13.jpg\" alt=\"\"\/><figcaption>Reprodu\u00e7\u00e3o<\/figcaption><\/figure>\n\n\n\n<p>Sobre o que teria provocado a invas\u00e3o a pista e a colis\u00e3o em seguida, a pol\u00edcia relatou que o P\u00e1lio teria derrapado e entrado para a contram\u00e3o colidindo transversalmente com a picape Saveiro. Tr\u00eas pessoas morreram no local, sendo todas ocupantes do P\u00e1lio. Uma quarta pessoa morreu no hospital, ap\u00f3s n\u00e3o resistir aos ferimentos. A v\u00edtima \u00e9 o motorista do P\u00e1lio, que aparece em v\u00eddeos postados nas redes sociais preso nas ferragens, mas apresentando sinais de vida. <\/p>\n\n\n\n<p>Ele tem 32 anos, era morador de Teresina e faleceu ap\u00f3s dar entrada em um hospital da capital piauiense. As outras duas v\u00edtimas (condutor da Saveiro e uma ocupante do P\u00e1lio) sofreram les\u00f5es graves e seguem internadas. O condutor da Toro saiu ileso e descreveu para os policiais o ocorrido.<\/p>\n\n\n\n<figure class=\"wp-block-image\"><img decoding=\"async\" src=\"https:\/\/www.meionorte.com\/uploads\/albuns\/2022\/1\/1029\/veiculo-invadiu-contramao-e-causou-acidente-que-vitimou-4-pessoas-diz-prf-1c768025-0955-42a3-b74d-82f5b84b4b33.jpg\" alt=\"\"\/><figcaption>Reprodu\u00e7\u00e3o<\/figcaption><\/figure>\n\n\n\n<figure class=\"wp-block-image\"><img decoding=\"async\" src=\"https:\/\/www.meionorte.com\/uploads\/albuns\/2022\/1\/1029\/veiculo-invadiu-contramao-e-causou-acidente-que-vitimou-4-pessoas-diz-prf-8765fa79-92f4-4be3-b015-73bee01b968b.jpg\" alt=\"\"\/><figcaption>Reprodu\u00e7\u00e3o<\/figcaption><\/figure>\n\n\n\n<figure class=\"wp-block-image\"><img decoding=\"async\" src=\"https:\/\/www.meionorte.com\/uploads\/albuns\/2022\/1\/1029\/veiculo-invadiu-contramao-e-causou-acidente-que-vitimou-4-pessoas-diz-prf-826cf886-3f4a-4e39-848f-3982ce9b82be.jpg\" alt=\"\"\/><figcaption>Reprodu\u00e7\u00e3o<\/figcaption><\/figure>\n\n\n\n<p><strong>Fonte: Meio Norte<\/strong><\/p>\n","protected":false},"excerpt":{"rendered":"<p>A&nbsp;Pol\u00edcia Rodovi\u00e1ria Federal do Maranh\u00e3o (PRF-MA)&nbsp;divulgou na manh\u00e3 deste domingo (09), mais detalhes sobre o&nbsp;grave acidente envolvendo tr\u00eas ve\u00edculos em um trecho da BR-316, pr\u00f3ximo \u00e0 entrada da cidade de Timon.&nbsp;Quatro \u00f3bitos foram confirmados, sendo um homem e tr\u00eas mulheres, com idades de 30, 32, 20 e 13 anos. Ao Meionorte.com, a PRF-MA informou que [&hellip;]<\/p>\n","protected":false},"author":1,"featured_media":29925,"comment_status":"open","ping_status":"open","sticky":false,"template":"","format":"standard","meta":{"beyondwords_generate_audio":"","beyondwords_project_id":"","beyondwords_podcast_id":"","beyondwords_hash":"","beyondwords_error_message":"","beyondwords_disabled":"","publish_post_to_speechkit":"","speechkit_generate_audio":"","speechkit_project_id":"","speechkit_podcast_id":"","speechkit_hash":"","speechkit_error_message":"","speechkit_disabled":"","speechkit_access_key":"","speechkit_error":"","speechkit_info":"","speechkit_response":"","speechkit_retries":"","_speechkit_link":"","_speechkit_text":""},"categories":[134],"tags":[176,5656,1967,683,9700,259,104,158,9701],"jetpack_featured_media_url":"","_links":{"self":[{"href":"https:\/\/pinews.com.br\/index.php\/wp-json\/wp\/v2\/posts\/29924"}],"collection":[{"href":"https:\/\/pinews.com.br\/index.php\/wp-json\/wp\/v2\/posts"}],"about":[{"href":"https:\/\/pinews.com.br\/index.php\/wp-json\/wp\/v2\/types\/post"}],"author":[{"embeddable":true,"href":"https:\/\/pinews.com.br\/index.php\/wp-json\/wp\/v2\/users\/1"}],"replies":[{"embeddable":true,"href":"https:\/\/pinews.com.br\/index.php\/wp-json\/wp\/v2\/comments?post=29924"}],"version-history":[{"count":0,"href":"https:\/\/pinews.com.br\/index.php\/wp-json\/wp\/v2\/posts\/29924\/revisions"}],"wp:featuredmedia":[{"embeddable":true,"href":"https:\/\/pinews.com.br\/index.php\/wp-json\/"}],"wp:attachment":[{"href":"https:\/\/pinews.com.br\/index.php\/wp-json\/wp\/v2\/media?parent=29924"}],"wp:term":[{"taxonomy":"category","embeddable":true,"href":"https:\/\/pinews.com.br\/index.php\/wp-json\/wp\/v2\/categories?post=29924"},{"taxonomy":"post_tag","embeddable":true,"href":"https:\/\/pinews.com.br\/index.php\/wp-json\/wp\/v2\/tags?post=29924"}],"curies":[{"name":"wp","href":"https:\/\/api.w.org\/{rel}","templated":true}]}}