{"id":29942,"date":"2022-01-10T11:14:53","date_gmt":"2022-01-10T14:14:53","guid":{"rendered":"https:\/\/pinews.com.br\/?p=29942"},"modified":"2022-01-10T11:14:53","modified_gmt":"2022-01-10T14:14:53","slug":"motociclista-morre-e-garupa-fica-ferido-em-colisao-apos-sairem-de-vaquejada-no-norte-do-piaui","status":"publish","type":"post","link":"https:\/\/pinews.com.br\/index.php\/2022\/01\/10\/motociclista-morre-e-garupa-fica-ferido-em-colisao-apos-sairem-de-vaquejada-no-norte-do-piaui\/","title":{"rendered":"Motociclista morre e garupa fica ferido em colis\u00e3o ap\u00f3s sa\u00edrem de vaquejada no Norte do Piau\u00ed"},"content":{"rendered":"\n<p>Um jovem identificado como Raul Rhemes de Almeida Marciano morreu e outro, identificado como S\u00e1vio de Oliveira Gon\u00e7alves, ficou ferido ap\u00f3s se envolverem em uma colis\u00e3o entre uma motocicleta e um carro na noite desse domingo (9), em uma estrada que liga os munic\u00edpios de Pedro II e Milton Brand\u00e3o, no Norte do Piau\u00ed.<\/p>\n\n\n\n<p>O acidente ocorreu em uma curva da estrada. Ao g1, a Pol\u00edcia Militar de Pedro II informou que, por volta de 19h, os jovens em uma moto colidiram com a lateral do carro de passeio que seguia em sentido oposto na via.<\/p>\n\n\n\n<p>O condutor da moto, Raul Rhemes, n\u00e3o resistiu aos ferimentos e faleceu no local. O garupa, S\u00e1vio de Oliveira, sofreu uma fratura na perna e foi encaminhado ao Hospital Josefina Getirana Neta, em Pedro II.<\/p>\n\n\n\n<p>Ele informou \u00e0 pol\u00edcia que, antes do acidente, os dois estavam em uma vaquejada e haviam consumido bebida alco\u00f3lica.<\/p>\n\n\n\n<p><strong>Fonte: G1 PI<\/strong><\/p>\n","protected":false},"excerpt":{"rendered":"<p>Um jovem identificado como Raul Rhemes de Almeida Marciano morreu e outro, identificado como S\u00e1vio de Oliveira Gon\u00e7alves, ficou ferido ap\u00f3s se envolverem em uma colis\u00e3o entre uma motocicleta e um carro na noite desse domingo (9), em uma estrada que liga os munic\u00edpios de Pedro II e Milton Brand\u00e3o, no Norte do Piau\u00ed. O [&hellip;]<\/p>\n","protected":false},"author":1,"featured_media":29943,"comment_status":"open","ping_status":"open","sticky":false,"template":"","format":"standard","meta":{"beyondwords_generate_audio":"","beyondwords_project_id":"","beyondwords_podcast_id":"","beyondwords_hash":"","beyondwords_error_message":"","beyondwords_disabled":"","publish_post_to_speechkit":"","speechkit_generate_audio":"","speechkit_project_id":"","speechkit_podcast_id":"","speechkit_hash":"","speechkit_error_message":"","speechkit_disabled":"","speechkit_access_key":"","speechkit_error":"","speechkit_info":"","speechkit_response":"","speechkit_retries":"","_speechkit_link":"","_speechkit_text":""},"categories":[51],"tags":[70,256,44,46,295,160,7390,119,296,337,52,9704,5952],"jetpack_featured_media_url":"","_links":{"self":[{"href":"https:\/\/pinews.com.br\/index.php\/wp-json\/wp\/v2\/posts\/29942"}],"collection":[{"href":"https:\/\/pinews.com.br\/index.php\/wp-json\/wp\/v2\/posts"}],"about":[{"href":"https:\/\/pinews.com.br\/index.php\/wp-json\/wp\/v2\/types\/post"}],"author":[{"embeddable":true,"href":"https:\/\/pinews.com.br\/index.php\/wp-json\/wp\/v2\/users\/1"}],"replies":[{"embeddable":true,"href":"https:\/\/pinews.com.br\/index.php\/wp-json\/wp\/v2\/comments?post=29942"}],"version-history":[{"count":0,"href":"https:\/\/pinews.com.br\/index.php\/wp-json\/wp\/v2\/posts\/29942\/revisions"}],"wp:featuredmedia":[{"embeddable":true,"href":"https:\/\/pinews.com.br\/index.php\/wp-json\/"}],"wp:attachment":[{"href":"https:\/\/pinews.com.br\/index.php\/wp-json\/wp\/v2\/media?parent=29942"}],"wp:term":[{"taxonomy":"category","embeddable":true,"href":"https:\/\/pinews.com.br\/index.php\/wp-json\/wp\/v2\/categories?post=29942"},{"taxonomy":"post_tag","embeddable":true,"href":"https:\/\/pinews.com.br\/index.php\/wp-json\/wp\/v2\/tags?post=29942"}],"curies":[{"name":"wp","href":"https:\/\/api.w.org\/{rel}","templated":true}]}}