{"id":29997,"date":"2022-01-11T19:38:58","date_gmt":"2022-01-11T22:38:58","guid":{"rendered":"https:\/\/pinews.com.br\/?p=29997"},"modified":"2022-01-11T19:38:58","modified_gmt":"2022-01-11T22:38:58","slug":"pai-e-filho-se-reencontram-durante-tratamento-contra-dependencia-quimica","status":"publish","type":"post","link":"https:\/\/pinews.com.br\/index.php\/2022\/01\/11\/pai-e-filho-se-reencontram-durante-tratamento-contra-dependencia-quimica\/","title":{"rendered":"Pai e filho se reencontram durante tratamento contra depend\u00eancia qu\u00edmica"},"content":{"rendered":"\n<p>Pai e filho que n\u00e3o se viam h\u00e1 mais de 20 anos se reencontraram ap\u00f3s os dois darem entrada na Fazenda da Paz para tratamento da depend\u00eancia qu\u00edmica.<\/p>\n\n\n\n<p>Logo nos primeiros dias de acolhimento, Marcos Adermio reconheceu o filho, \u00cdtalo Marcelo, por meio de um sinal no rosto. Este \u00faltimo j\u00e1 \u00e9 acolhido h\u00e1 mais de 2 meses da Comunidade Terap\u00eautica Terra da Esperan\u00e7a, uma das filiais da entidade.<\/p>\n\n\n\n<p>\u201cEste foi um caso de muita emo\u00e7\u00e3o, porque eles se encontraram em um processo de recupera\u00e7\u00e3o da vida, \u00e9 algo gratificante, vindo de Deus. Foi uma a\u00e7\u00e3o muito forte\u201d, diz o o coordenador geral da Fazenda da Paz, C\u00e9lio Barbosa.<\/p>\n\n\n\n<p>Ap\u00f3s o reencontro, os dois j\u00e1 fazem planos para quando deixarem o local.<\/p>\n\n\n\n<p>\u201cQuero junto com meu pai, perseverar. Foi um in\u00edcio de ano muito bacana, pelo motivo de ter reencontrado ele\u201d, disse \u00cdtalo.<\/p>\n\n\n\n<p>\u201cCom meu filho aqui, terei mais for\u00e7as para vencer o tratamento. Agora terei mais amor com ele e pretendo ao sair daqui, arrumar um servi\u00e7o para n\u00f3s dois\u201d, garantiu Marcos.<\/p>\n\n\n\n<p>A Fazenda da Paz tem parceria com a Coordenadoria de Enfrentamento \u00e0s Drogas do Piau\u00ed (Cendrogas).<\/p>\n\n\n\n<p><strong>Fonte: Cidade Verde<\/strong><\/p>\n","protected":false},"excerpt":{"rendered":"<p>Pai e filho que n\u00e3o se viam h\u00e1 mais de 20 anos se reencontraram ap\u00f3s os dois darem entrada na Fazenda da Paz para tratamento da depend\u00eancia qu\u00edmica. Logo nos primeiros dias de acolhimento, Marcos Adermio reconheceu o filho, \u00cdtalo Marcelo, por meio de um sinal no rosto. Este \u00faltimo j\u00e1 \u00e9 acolhido h\u00e1 mais [&hellip;]<\/p>\n","protected":false},"author":1,"featured_media":29998,"comment_status":"open","ping_status":"open","sticky":false,"template":"","format":"standard","meta":{"beyondwords_generate_audio":"","beyondwords_project_id":"","beyondwords_podcast_id":"","beyondwords_hash":"","beyondwords_error_message":"","beyondwords_disabled":"","publish_post_to_speechkit":"","speechkit_generate_audio":"","speechkit_project_id":"","speechkit_podcast_id":"","speechkit_hash":"","speechkit_error_message":"","speechkit_disabled":"","speechkit_access_key":"","speechkit_error":"","speechkit_info":"","speechkit_response":"","speechkit_retries":"","_speechkit_link":"","_speechkit_text":""},"categories":[134],"tags":[294,7690,45,289,290,9713,9714,129,1068],"jetpack_featured_media_url":"","_links":{"self":[{"href":"https:\/\/pinews.com.br\/index.php\/wp-json\/wp\/v2\/posts\/29997"}],"collection":[{"href":"https:\/\/pinews.com.br\/index.php\/wp-json\/wp\/v2\/posts"}],"about":[{"href":"https:\/\/pinews.com.br\/index.php\/wp-json\/wp\/v2\/types\/post"}],"author":[{"embeddable":true,"href":"https:\/\/pinews.com.br\/index.php\/wp-json\/wp\/v2\/users\/1"}],"replies":[{"embeddable":true,"href":"https:\/\/pinews.com.br\/index.php\/wp-json\/wp\/v2\/comments?post=29997"}],"version-history":[{"count":0,"href":"https:\/\/pinews.com.br\/index.php\/wp-json\/wp\/v2\/posts\/29997\/revisions"}],"wp:featuredmedia":[{"embeddable":true,"href":"https:\/\/pinews.com.br\/index.php\/wp-json\/"}],"wp:attachment":[{"href":"https:\/\/pinews.com.br\/index.php\/wp-json\/wp\/v2\/media?parent=29997"}],"wp:term":[{"taxonomy":"category","embeddable":true,"href":"https:\/\/pinews.com.br\/index.php\/wp-json\/wp\/v2\/categories?post=29997"},{"taxonomy":"post_tag","embeddable":true,"href":"https:\/\/pinews.com.br\/index.php\/wp-json\/wp\/v2\/tags?post=29997"}],"curies":[{"name":"wp","href":"https:\/\/api.w.org\/{rel}","templated":true}]}}