{"id":30009,"date":"2022-01-11T19:55:53","date_gmt":"2022-01-11T22:55:53","guid":{"rendered":"https:\/\/pinews.com.br\/?p=30009"},"modified":"2022-01-11T19:55:53","modified_gmt":"2022-01-11T22:55:53","slug":"acidente-com-onibus-em-picos-mata-escrivao-da-policia-civil-abelardo-oliveira","status":"publish","type":"post","link":"https:\/\/pinews.com.br\/index.php\/2022\/01\/11\/acidente-com-onibus-em-picos-mata-escrivao-da-policia-civil-abelardo-oliveira\/","title":{"rendered":"Acidente com \u00f4nibus em Picos mata escriv\u00e3o da Pol\u00edcia Civil, Abelardo Oliveira"},"content":{"rendered":"\n<p>Uma colis\u00e3o envolvendo uma motocicleta e um \u00f4nibus da empresa Itapemirim, de prefixo 5061, matou o escriv\u00e3o da Pol\u00edcia Civil, Abelardo Oliveira. O acidente aconteceu na manh\u00e3 de hoje (11) no entroncamento das rodovias federais (BR) 020 e 316, em Picos.<\/p>\n\n\n\n<p>Segundo informa\u00e7\u00f5es at\u00e9 aqui levantadas, a colis\u00e3o foi do tipo frontal. O condutor da motocicleta, Abelardo Oliveira, n\u00e3o resistiu aos ferimentos e morreu no local. A v\u00edtima estava usando capacete no momento do acidente.<\/p>\n\n\n\n<figure class=\"wp-block-image\"><img decoding=\"async\" src=\"https:\/\/i0.wp.com\/www.portalenoticias.com.br\/wp-content\/uploads\/2022\/01\/Agente-da-Policia-Civil-Abelardo-Oliveira.jpg?fit=800%2C600&amp;ssl=1\" alt=\"\" class=\"wp-image-103179\"\/><figcaption>Escriv\u00e3o da Pol\u00edcia Civil Abelardo Oliveira-Foto: Rom\u00e1rio Mendes<\/figcaption><\/figure>\n\n\n\n<p>Os passageiros dos \u00f4nibus informaram que tudo aconteceu muito r\u00e1pido e o motorista ainda tentou desviar da motocicleta.<\/p>\n\n\n\n<p>Os demais detalhes do acidente e toda a din\u00e2mica ser\u00e3o levantados pela PRF.<\/p>\n\n\n\n<p>A Pol\u00edcia Civil de Picos divulgou, em sua p\u00e1gina no Instagram, uma nota de pesar pela morte do escriv\u00e3o e ressaltou os servi\u00e7os prestados pelo servidor.<\/p>\n\n\n\n<figure class=\"wp-block-image\"><img decoding=\"async\" src=\"https:\/\/i0.wp.com\/www.portalenoticias.com.br\/wp-content\/uploads\/2022\/01\/abelardo-nota-policia-civil-1024x632-1.jpg?fit=800%2C494&amp;ssl=1\" alt=\"\" class=\"wp-image-103177\"\/><\/figure>\n\n\n\n<p><strong>Fonte: Riach\u00e3o Net<\/strong><\/p>\n","protected":false},"excerpt":{"rendered":"<p>Uma colis\u00e3o envolvendo uma motocicleta e um \u00f4nibus da empresa Itapemirim, de prefixo 5061, matou o escriv\u00e3o da Pol\u00edcia Civil, Abelardo Oliveira. O acidente aconteceu na manh\u00e3 de hoje (11) no entroncamento das rodovias federais (BR) 020 e 316, em Picos. Segundo informa\u00e7\u00f5es at\u00e9 aqui levantadas, a colis\u00e3o foi do tipo frontal. O condutor da [&hellip;]<\/p>\n","protected":false},"author":1,"featured_media":30010,"comment_status":"open","ping_status":"open","sticky":false,"template":"","format":"standard","meta":{"beyondwords_generate_audio":"","beyondwords_project_id":"","beyondwords_podcast_id":"","beyondwords_hash":"","beyondwords_error_message":"","beyondwords_disabled":"","publish_post_to_speechkit":"","speechkit_generate_audio":"","speechkit_project_id":"","speechkit_podcast_id":"","speechkit_hash":"","speechkit_error_message":"","speechkit_disabled":"","speechkit_access_key":"","speechkit_error":"","speechkit_info":"","speechkit_response":"","speechkit_retries":"","_speechkit_link":"","_speechkit_text":""},"categories":[51,126],"tags":[9715,176,936,122,46,9716,49,9717,301,125,466],"jetpack_featured_media_url":"","_links":{"self":[{"href":"https:\/\/pinews.com.br\/index.php\/wp-json\/wp\/v2\/posts\/30009"}],"collection":[{"href":"https:\/\/pinews.com.br\/index.php\/wp-json\/wp\/v2\/posts"}],"about":[{"href":"https:\/\/pinews.com.br\/index.php\/wp-json\/wp\/v2\/types\/post"}],"author":[{"embeddable":true,"href":"https:\/\/pinews.com.br\/index.php\/wp-json\/wp\/v2\/users\/1"}],"replies":[{"embeddable":true,"href":"https:\/\/pinews.com.br\/index.php\/wp-json\/wp\/v2\/comments?post=30009"}],"version-history":[{"count":0,"href":"https:\/\/pinews.com.br\/index.php\/wp-json\/wp\/v2\/posts\/30009\/revisions"}],"wp:featuredmedia":[{"embeddable":true,"href":"https:\/\/pinews.com.br\/index.php\/wp-json\/"}],"wp:attachment":[{"href":"https:\/\/pinews.com.br\/index.php\/wp-json\/wp\/v2\/media?parent=30009"}],"wp:term":[{"taxonomy":"category","embeddable":true,"href":"https:\/\/pinews.com.br\/index.php\/wp-json\/wp\/v2\/categories?post=30009"},{"taxonomy":"post_tag","embeddable":true,"href":"https:\/\/pinews.com.br\/index.php\/wp-json\/wp\/v2\/tags?post=30009"}],"curies":[{"name":"wp","href":"https:\/\/api.w.org\/{rel}","templated":true}]}}