{"id":30095,"date":"2022-01-14T11:17:42","date_gmt":"2022-01-14T14:17:42","guid":{"rendered":"https:\/\/pinews.com.br\/?p=30095"},"modified":"2022-01-14T11:17:42","modified_gmt":"2022-01-14T14:17:42","slug":"voo-que-traria-doses-pediatricas-ao-piaui-e-cancelado-avisa-ministerio-da-saude","status":"publish","type":"post","link":"https:\/\/pinews.com.br\/index.php\/2022\/01\/14\/voo-que-traria-doses-pediatricas-ao-piaui-e-cancelado-avisa-ministerio-da-saude\/","title":{"rendered":"Voo que traria doses pedi\u00e1tricas ao Piau\u00ed \u00e9 cancelado, avisa Minist\u00e9rio da Sa\u00fade"},"content":{"rendered":"\n<p>O Minist\u00e9rio da Sa\u00fade comunicou na manh\u00e3 de hoje (14) que o voo que traria as 20 mil e 200&nbsp; doses pedi\u00e1tricas da Pfizer para imunizar crian\u00e7as de 5 a 11 anos contra a Covid-19 no Piau\u00ed foi cancelado.&nbsp;<\/p>\n\n\n\n<p>\u201cO cancelamento se deu em virtude da tripula\u00e7\u00e3o ter testado positivo para Covid-19. A Sesapi aguarda comunicado do Minist\u00e9rio da Sa\u00fade informando a nova programa\u00e7\u00e3o de voo. Em virtude da mudan\u00e7a, a log\u00edstica de distribui\u00e7\u00e3o das doses ser\u00e1 refeita pela Coordenadoria de Imuniza\u00e7\u00e3o, t\u00e3o logo receba as confirma\u00e7\u00f5es necess\u00e1rias\u201d, diz a nota da Sesapi.<\/p>\n\n\n\n<p>Mais de mil voos foram suspensos no Pa\u00eds, devido a transmiss\u00e3o pela variante \u00f4micron.&nbsp;<\/p>\n\n\n\n<p>As doses para o Piau\u00ed viriam em voo comercial da Latam.<\/p>\n\n\n\n<p>O secret\u00e1rio Estadual de Sa\u00fade, Florentino Neto, j\u00e1 tinha comunicado que a Sesapi tem log\u00edstica de distribuir as doses aos munic\u00edpios at\u00e9 12 horas ap\u00f3s a chegada dos imunizantes ao estado.&nbsp;<\/p>\n\n\n\n<p><strong>Teresina preparava vacina\u00e7\u00e3o para segunda<\/strong><\/p>\n\n\n\n<p>O presidente da Funda\u00e7\u00e3o Municipal de Sa\u00fade, Gilberto Albuquerque, informou agora h\u00e1 pouco ao portal Cidadeverde.com que a prefeitura estava trabalhando para iniciar a vacina\u00e7\u00e3o das crian\u00e7as de 5 a 11 anos contra a covid-19 na segunda-feira (17).<\/p>\n\n\n\n<p>O in\u00edcio da imuniza\u00e7\u00e3o na capital depende do recebimento das doses pedi\u00e1tricas que iriam chegar hoje ao Piau\u00ed.<\/p>\n\n\n\n<p>Gilberto disse que a Sesapi ainda n\u00e3o informou a quantidade de doses que Teresina ir\u00e1 receber.<\/p>\n\n\n\n<p>Assim que souber a qualidade de doses pedi\u00e1tricas, a Funda\u00e7\u00e3o Municipal de Sa\u00fade abrir\u00e1 agendamento para esse p\u00fablico.<\/p>\n\n\n\n<p>\u201cA prioridade ser\u00e1 para as crian\u00e7as com comorbidades, acamados, com defici\u00eancia permanentes e depois faremos de forma decrescente para p\u00fablico em geral\u201d, disse Gilberto.<\/p>\n\n\n\n<p>Segundo ele, em Teresina existem mais de 90 mil crian\u00e7as de 5 a 11 anos que precisam ser vacinados contra a covid-19.&nbsp;<\/p>\n\n\n\n<p>\u201cS\u00e3o doses diferenciadas e equipes j\u00e1 foram treinadas para aplicar no p\u00fablico infantil\u201d.&nbsp;<\/p>\n\n\n\n<p>A vacina\u00e7\u00e3o ser\u00e1 realizada com o imunizante da Pfizer (Comirnaty), autorizado para aplica\u00e7\u00e3o no p\u00fablico infantil pela Ag\u00eancia Nacional Vigil\u00e2ncia Sanit\u00e1ria (Anvisa), com o intervalo de 8 semanas entre a primeira e a segunda dose.<\/p>\n\n\n\n<blockquote class=\"wp-block-quote\"><p><strong>A vacina\u00e7\u00e3o infantil ocorrer\u00e1:<\/strong><\/p><p>Em ordem decrescente de idade (das crian\u00e7as mais velhas para as mais novas), com prioridade para quem tem comorbidade ou defici\u00eancia permanente e para crian\u00e7as quilombolas e ind\u00edgenas;<\/p><p>Sem necessidade de autoriza\u00e7\u00e3o por escrito, desde que pai, m\u00e3e ou respons\u00e1vel acompanhe a crian\u00e7a no momento da vacina\u00e7\u00e3o;<\/p><p>Com intervalo de oito semanas \u2013 um prazo maior que o previsto na bula, de tr\u00eas semanas.<\/p><\/blockquote>\n\n\n\n<p><strong>Fonte: Flash Yala Sena\/ Cidade Verde<\/strong><\/p>\n","protected":false},"excerpt":{"rendered":"<p>O Minist\u00e9rio da Sa\u00fade comunicou na manh\u00e3 de hoje (14) que o voo que traria as 20 mil e 200&nbsp; doses pedi\u00e1tricas da Pfizer para imunizar crian\u00e7as de 5 a 11 anos contra a Covid-19 no Piau\u00ed foi cancelado.&nbsp; \u201cO cancelamento se deu em virtude da tripula\u00e7\u00e3o ter testado positivo para Covid-19. A Sesapi aguarda [&hellip;]<\/p>\n","protected":false},"author":1,"featured_media":30096,"comment_status":"open","ping_status":"open","sticky":false,"template":"","format":"standard","meta":{"beyondwords_generate_audio":"","beyondwords_project_id":"","beyondwords_podcast_id":"","beyondwords_hash":"","beyondwords_error_message":"","beyondwords_disabled":"","publish_post_to_speechkit":"","speechkit_generate_audio":"","speechkit_project_id":"","speechkit_podcast_id":"","speechkit_hash":"","speechkit_error_message":"","speechkit_disabled":"","speechkit_access_key":"","speechkit_error":"","speechkit_info":"","speechkit_response":"","speechkit_retries":"","_speechkit_link":"","_speechkit_text":""},"categories":[51],"tags":[132,2674,1981,122,6230,72,2649,9731,52,891,9732,7142],"jetpack_featured_media_url":"","_links":{"self":[{"href":"https:\/\/pinews.com.br\/index.php\/wp-json\/wp\/v2\/posts\/30095"}],"collection":[{"href":"https:\/\/pinews.com.br\/index.php\/wp-json\/wp\/v2\/posts"}],"about":[{"href":"https:\/\/pinews.com.br\/index.php\/wp-json\/wp\/v2\/types\/post"}],"author":[{"embeddable":true,"href":"https:\/\/pinews.com.br\/index.php\/wp-json\/wp\/v2\/users\/1"}],"replies":[{"embeddable":true,"href":"https:\/\/pinews.com.br\/index.php\/wp-json\/wp\/v2\/comments?post=30095"}],"version-history":[{"count":0,"href":"https:\/\/pinews.com.br\/index.php\/wp-json\/wp\/v2\/posts\/30095\/revisions"}],"wp:featuredmedia":[{"embeddable":true,"href":"https:\/\/pinews.com.br\/index.php\/wp-json\/"}],"wp:attachment":[{"href":"https:\/\/pinews.com.br\/index.php\/wp-json\/wp\/v2\/media?parent=30095"}],"wp:term":[{"taxonomy":"category","embeddable":true,"href":"https:\/\/pinews.com.br\/index.php\/wp-json\/wp\/v2\/categories?post=30095"},{"taxonomy":"post_tag","embeddable":true,"href":"https:\/\/pinews.com.br\/index.php\/wp-json\/wp\/v2\/tags?post=30095"}],"curies":[{"name":"wp","href":"https:\/\/api.w.org\/{rel}","templated":true}]}}