{"id":30181,"date":"2022-01-18T19:46:43","date_gmt":"2022-01-18T22:46:43","guid":{"rendered":"https:\/\/pinews.com.br\/?p=30181"},"modified":"2022-01-18T19:46:43","modified_gmt":"2022-01-18T22:46:43","slug":"menino-morre-apos-levar-coice-de-cavalo-no-peito","status":"publish","type":"post","link":"https:\/\/pinews.com.br\/index.php\/2022\/01\/18\/menino-morre-apos-levar-coice-de-cavalo-no-peito\/","title":{"rendered":"Menino morre ap\u00f3s levar coice de cavalo no peito"},"content":{"rendered":"\n<p>Um menino de 12 anos morreu em Joinville, no Norte catarinense, ap\u00f3s ser atingido no peito por um coice de cavalo. O acidente ocorreu na noite de s\u00e1bado (15), dentro de um Centro de Tradi\u00e7\u00f5es Ga\u00fachas (CTG), segundo informa\u00e7\u00f5es da Pol\u00edcia Militar.<\/p>\n\n\n\n<p>O vel\u00f3rio do garoto ocorreu nesta segunda-feira (17). O corpo foi cremado. As cinzas do menino ser\u00e3o levadas para Uruguaiana, no Rio Grande do Sul, cidade natal da fam\u00edlia.<\/p>\n\n\n\n<p>O jovem Marcos Elias Silveira Miranda morava com tr\u00eas irm\u00e3os, a m\u00e3e e o padrasto, Eduardo da Silva, dentro do CTG. O padrasto do menino \u00e9 respons\u00e1vel por cuidar dos cavalos do local h\u00e1 nove meses e disse que o&nbsp;garoto era apaixonado por cavalos.<\/p>\n\n\n\n<blockquote class=\"wp-block-quote\"><p>&#8220;Hoje \u00e9 um dos dias mais tristes da minha vida. Ele estava sempre comigo, do meu lado. Era um menino amoroso, querido por todos aqui, brincalh\u00e3o e muito respeitador&#8221;, lamentou Eduardo.<\/p><\/blockquote>\n\n\n\n<figure class=\"wp-block-image\"><img decoding=\"async\" src=\"https:\/\/s2.glbimg.com\/EH3o5Fr7B8mXGK3ACJuOX2hGA74=\/0x0:705x412\/984x0\/smart\/filters:strip_icc()\/i.s3.glbimg.com\/v1\/AUTH_59edd422c0c84a879bd37670ae4f538a\/internal_photos\/bs\/2022\/o\/O\/nm7FgpQD6UK1BUBrbP7w\/menino-morto-coice-joinville.jpg\" alt=\"Corpo de Marcos ser\u00e1 cremado em SC e cinzas levadas para cidade natal da fam\u00edlia, no RS \u2014 Foto: Arquivo pessoal\/Divulga\u00e7\u00e3o\"\/><figcaption>Corpo de Marcos ser\u00e1 cremado em SC e cinzas levadas para cidade natal da fam\u00edlia, no RS \u2014 Foto: Arquivo pessoal\/Divulga\u00e7\u00e3o<\/figcaption><\/figure>\n\n\n\n<h2>Acidente<\/h2>\n\n\n\n<p>Segundo o presidente do centro, Ciro Harger, o menino foi \u00e0 cocheira e soltou uma \u00e9gua mansa, com a qual a crian\u00e7a j\u00e1 havia cavalgado. Ao ficar livre, o animal teria pulado e atingido o peito do garoto com uma das patas traseiras.<\/p>\n\n\n\n<p>A dire\u00e7\u00e3o do CTG tamb\u00e9m informou que n\u00e3o ocorria evento no local no momento em que o menino foi ferido.<\/p>\n\n\n\n<p><strong>Fonte: G1<\/strong><\/p>\n","protected":false},"excerpt":{"rendered":"<p>Um menino de 12 anos morreu em Joinville, no Norte catarinense, ap\u00f3s ser atingido no peito por um coice de cavalo. O acidente ocorreu na noite de s\u00e1bado (15), dentro de um Centro de Tradi\u00e7\u00f5es Ga\u00fachas (CTG), segundo informa\u00e7\u00f5es da Pol\u00edcia Militar. O vel\u00f3rio do garoto ocorreu nesta segunda-feira (17). O corpo foi cremado. As [&hellip;]<\/p>\n","protected":false},"author":1,"featured_media":30182,"comment_status":"open","ping_status":"open","sticky":false,"template":"","format":"standard","meta":{"beyondwords_generate_audio":"","beyondwords_project_id":"","beyondwords_podcast_id":"","beyondwords_hash":"","beyondwords_error_message":"","beyondwords_disabled":"","publish_post_to_speechkit":"","speechkit_generate_audio":"","speechkit_project_id":"","speechkit_podcast_id":"","speechkit_hash":"","speechkit_error_message":"","speechkit_disabled":"","speechkit_access_key":"","speechkit_error":"","speechkit_info":"","speechkit_response":"","speechkit_retries":"","_speechkit_link":"","_speechkit_text":""},"categories":[134],"tags":[70,302,9751,44,163,1267,119,525],"jetpack_featured_media_url":"","_links":{"self":[{"href":"https:\/\/pinews.com.br\/index.php\/wp-json\/wp\/v2\/posts\/30181"}],"collection":[{"href":"https:\/\/pinews.com.br\/index.php\/wp-json\/wp\/v2\/posts"}],"about":[{"href":"https:\/\/pinews.com.br\/index.php\/wp-json\/wp\/v2\/types\/post"}],"author":[{"embeddable":true,"href":"https:\/\/pinews.com.br\/index.php\/wp-json\/wp\/v2\/users\/1"}],"replies":[{"embeddable":true,"href":"https:\/\/pinews.com.br\/index.php\/wp-json\/wp\/v2\/comments?post=30181"}],"version-history":[{"count":0,"href":"https:\/\/pinews.com.br\/index.php\/wp-json\/wp\/v2\/posts\/30181\/revisions"}],"wp:featuredmedia":[{"embeddable":true,"href":"https:\/\/pinews.com.br\/index.php\/wp-json\/"}],"wp:attachment":[{"href":"https:\/\/pinews.com.br\/index.php\/wp-json\/wp\/v2\/media?parent=30181"}],"wp:term":[{"taxonomy":"category","embeddable":true,"href":"https:\/\/pinews.com.br\/index.php\/wp-json\/wp\/v2\/categories?post=30181"},{"taxonomy":"post_tag","embeddable":true,"href":"https:\/\/pinews.com.br\/index.php\/wp-json\/wp\/v2\/tags?post=30181"}],"curies":[{"name":"wp","href":"https:\/\/api.w.org\/{rel}","templated":true}]}}