{"id":30213,"date":"2022-01-19T19:41:35","date_gmt":"2022-01-19T22:41:35","guid":{"rendered":"https:\/\/pinews.com.br\/?p=30213"},"modified":"2022-01-19T19:41:35","modified_gmt":"2022-01-19T22:41:35","slug":"motociclista-perde-as-duas-pernas-apos-moto-bater-em-carreta-e-incendiar-no-piaui","status":"publish","type":"post","link":"https:\/\/pinews.com.br\/index.php\/2022\/01\/19\/motociclista-perde-as-duas-pernas-apos-moto-bater-em-carreta-e-incendiar-no-piaui\/","title":{"rendered":"Motociclista perde as duas pernas ap\u00f3s moto bater em carreta e incendiar no Piau\u00ed"},"content":{"rendered":"\n<p>Um motociclista n\u00e3o identificado ficou gravemente ferido e sofreu amputa\u00e7\u00e3o imediata das duas pernas depois de uma colis\u00e3o com uma carreta sobre a ponte da Tabuleta, que liga Teresina a Timon (MA), na Zona Sul da capital. O acidente aconteceu por volta das 10h desta quarta-feira (19).<\/p>\n\n\n\n<figure class=\"wp-block-image\"><img decoding=\"async\" src=\"https:\/\/s2.glbimg.com\/4Cc4QGOUfdur8uGuJSV_UYDO3kg=\/42x400:1052x1068\/984x0\/smart\/filters:strip_icc()\/i.s3.glbimg.com\/v1\/AUTH_59edd422c0c84a879bd37670ae4f538a\/internal_photos\/bs\/2022\/z\/X\/H0bPSORBiJjqpPzYNLdA\/whatsapp-image-2022-01-19-at-10.25.24-2-.jpeg\" alt=\"Motociclista perde as duas pernas ap\u00f3s moto bater em carreta e incendiar em ponte na Zona Sul de Teresina \u2014 Foto: Ravi Marques\/g1\"\/><figcaption>Motociclista perde as duas pernas ap\u00f3s moto bater em carreta e incendiar em ponte na Zona Sul de Teresina \u2014 Foto: Ravi Marques\/g1<\/figcaption><\/figure>\n\n\n\n<p>Segundo o condutor da carreta, ele partiu do Mato Grosso do Sul e seguia para o Rio Grande do Norte quando percebeu o motociclista tentando fazer uma ultrapassagem. Neste momento, os ve\u00edculos se tocaram e o motociclista caiu, ficando sob a carreta.<\/p>\n\n\n\n<p>Ele perdeu as duas pernas depois de ser atingido por um dos pneus da carreta. A moto incendiou completamente e a carreta tamb\u00e9m ficou danificada.<\/p>\n\n\n\n<p>Na tentativa de socorrer o motociclista, o condutor da carreta acabou se ferindo. Os bombeiros foram acionados e controlaram o fogo.<\/p>\n\n\n\n<figure class=\"wp-block-image\"><img decoding=\"async\" src=\"https:\/\/s2.glbimg.com\/yHmhEORulEXhXuu6YSdaae-Ppqc=\/0x236:1197x1124\/984x0\/smart\/filters:strip_icc()\/i.s3.glbimg.com\/v1\/AUTH_59edd422c0c84a879bd37670ae4f538a\/internal_photos\/bs\/2022\/0\/F\/YAhIa0QfiGvNKV0rQPbw\/whatsapp-image-2022-01-19-at-10.21.14.jpeg\" alt=\"Motociclista perde as duas pernas ap\u00f3s moto bater em carreta e incendiar em ponte na Zona Sul de Teresina \u2014 Foto: Ravi Marques\/g1\"\/><figcaption>Motociclista perde as duas pernas ap\u00f3s moto bater em carreta e incendiar em ponte na Zona Sul de Teresina \u2014 Foto: Ravi Marques\/g1<\/figcaption><\/figure>\n\n\n\n<p>O motociclista teve ferimentos graves e foi conduzido ao hospital pelo Samu. Ainda n\u00e3o h\u00e1 informa\u00e7\u00f5es sobre seu estado de sa\u00fade e nem sobre como o acidente aconteceu.<\/p>\n\n\n\n<p>Devido ao acidente, formou-se um longo engarrafamento sobre a ponte.<\/p>\n\n\n\n<figure class=\"wp-block-image\"><img decoding=\"async\" src=\"https:\/\/s2.glbimg.com\/GXLV0bsphH1AwIs0bLU7IKDAJYA=\/0x374:1197x1288\/984x0\/smart\/filters:strip_icc()\/i.s3.glbimg.com\/v1\/AUTH_59edd422c0c84a879bd37670ae4f538a\/internal_photos\/bs\/2022\/Q\/Y\/asMHocRKSRbklqUAAwhA\/whatsapp-image-2022-01-19-at-10.21.13.jpeg\" alt=\"Motociclista perde as duas pernas ap\u00f3s moto bater em carreta e incendiar em ponte na Zona Sul de Teresina \u2014 Foto: Ravi Marques\/TV Clube\"\/><figcaption>Motociclista perde as duas pernas ap\u00f3s moto bater em carreta e incendiar em ponte na Zona Sul de Teresina \u2014 Foto: Ravi Marques\/TV Clube<\/figcaption><\/figure>\n\n\n\n<p><strong>Fonte: G1 PI<\/strong><\/p>\n","protected":false},"excerpt":{"rendered":"<p>Um motociclista n\u00e3o identificado ficou gravemente ferido e sofreu amputa\u00e7\u00e3o imediata das duas pernas depois de uma colis\u00e3o com uma carreta sobre a ponte da Tabuleta, que liga Teresina a Timon (MA), na Zona Sul da capital. O acidente aconteceu por volta das 10h desta quarta-feira (19). Segundo o condutor da carreta, ele partiu do [&hellip;]<\/p>\n","protected":false},"author":1,"featured_media":30214,"comment_status":"open","ping_status":"open","sticky":false,"template":"","format":"standard","meta":{"beyondwords_generate_audio":"","beyondwords_project_id":"","beyondwords_podcast_id":"","beyondwords_hash":"","beyondwords_error_message":"","beyondwords_disabled":"","publish_post_to_speechkit":"","speechkit_generate_audio":"","speechkit_project_id":"","speechkit_podcast_id":"","speechkit_hash":"","speechkit_error_message":"","speechkit_disabled":"","speechkit_access_key":"","speechkit_error":"","speechkit_info":"","speechkit_response":"","speechkit_retries":"","_speechkit_link":"","_speechkit_text":""},"categories":[51,81],"tags":[70,5989,448,260,46,8392,304,296,731,1130,52],"jetpack_featured_media_url":"","_links":{"self":[{"href":"https:\/\/pinews.com.br\/index.php\/wp-json\/wp\/v2\/posts\/30213"}],"collection":[{"href":"https:\/\/pinews.com.br\/index.php\/wp-json\/wp\/v2\/posts"}],"about":[{"href":"https:\/\/pinews.com.br\/index.php\/wp-json\/wp\/v2\/types\/post"}],"author":[{"embeddable":true,"href":"https:\/\/pinews.com.br\/index.php\/wp-json\/wp\/v2\/users\/1"}],"replies":[{"embeddable":true,"href":"https:\/\/pinews.com.br\/index.php\/wp-json\/wp\/v2\/comments?post=30213"}],"version-history":[{"count":0,"href":"https:\/\/pinews.com.br\/index.php\/wp-json\/wp\/v2\/posts\/30213\/revisions"}],"wp:featuredmedia":[{"embeddable":true,"href":"https:\/\/pinews.com.br\/index.php\/wp-json\/"}],"wp:attachment":[{"href":"https:\/\/pinews.com.br\/index.php\/wp-json\/wp\/v2\/media?parent=30213"}],"wp:term":[{"taxonomy":"category","embeddable":true,"href":"https:\/\/pinews.com.br\/index.php\/wp-json\/wp\/v2\/categories?post=30213"},{"taxonomy":"post_tag","embeddable":true,"href":"https:\/\/pinews.com.br\/index.php\/wp-json\/wp\/v2\/tags?post=30213"}],"curies":[{"name":"wp","href":"https:\/\/api.w.org\/{rel}","templated":true}]}}