{"id":30263,"date":"2022-01-21T16:58:50","date_gmt":"2022-01-21T19:58:50","guid":{"rendered":"https:\/\/pinews.com.br\/?p=30263"},"modified":"2022-01-21T16:58:50","modified_gmt":"2022-01-21T19:58:50","slug":"padrasto-e-enteada-sao-presos-por-matar-rapaz-que-saiu-do-rj-para-morar-no-piaui-apos-conhecer-suspeita-pelo-facebook","status":"publish","type":"post","link":"https:\/\/pinews.com.br\/index.php\/2022\/01\/21\/padrasto-e-enteada-sao-presos-por-matar-rapaz-que-saiu-do-rj-para-morar-no-piaui-apos-conhecer-suspeita-pelo-facebook\/","title":{"rendered":"Padrasto e enteada s\u00e3o presos por matar rapaz que saiu do RJ para morar no Piau\u00ed ap\u00f3s conhecer suspeita pelo Facebook"},"content":{"rendered":"\n<p>Um homem de 34 anos e uma mulher de 24, padrasto e enteada, foram presos na cidade de Madeiro, 260 km ao Norte de Teresina, nesta quinta-feira (20). Eles s\u00e3o suspeitos de matar um jovem natural do Rio de Janeiro, identificado apenas como Gabriel, que teria conhecido a suspeita pelo Facebook.<\/p>\n\n\n\n<p>De acordo com a Pol\u00edcia Civil de Luzil\u00e2ndia, Gabriel conheceu a jovem por uma rede social em 2021. No in\u00edcio de novembro, ele decidiu vir para o Piau\u00ed para morar com ela, na localidade Sussuapara, na zona rural de Madeiro.<\/p>\n\n\n\n<p>O crime aconteceu no dia 12 de dezembro de 2021, na localidade onde eles moravam, um m\u00eas depois que o rapaz chegou. Gabriel estava deitado numa rede, no alpendre de uma casa onde estava pernoitando, quando foi morto a tiros.<\/p>\n\n\n\n<p>O delegado Ant\u00f4nio Alves, da Delegacia de Luzil\u00e2ndia, o crime teria motiva\u00e7\u00e3o passional, mas n\u00e3o divulgou detalhes sobre a participa\u00e7\u00e3o de cada um dos suspeitos.<\/p>\n\n\n\n<p>O delegado falou ainda que a investiga\u00e7\u00e3o ainda n\u00e3o foi encerrada. &#8220;No momento n\u00e3o divulgaremos maiores detalhes, pra n\u00e3o frustrar as dilig\u00eancias que ainda precisam ser realizadas&#8221;, disse.<\/p>\n\n\n\n<p><strong>Fonte: G1 PI<\/strong><\/p>\n","protected":false},"excerpt":{"rendered":"<p>Um homem de 34 anos e uma mulher de 24, padrasto e enteada, foram presos na cidade de Madeiro, 260 km ao Norte de Teresina, nesta quinta-feira (20). Eles s\u00e3o suspeitos de matar um jovem natural do Rio de Janeiro, identificado apenas como Gabriel, que teria conhecido a suspeita pelo Facebook. De acordo com a [&hellip;]<\/p>\n","protected":false},"author":1,"featured_media":30264,"comment_status":"open","ping_status":"open","sticky":false,"template":"","format":"standard","meta":{"beyondwords_generate_audio":"","beyondwords_project_id":"","beyondwords_podcast_id":"","beyondwords_hash":"","beyondwords_error_message":"","beyondwords_disabled":"","publish_post_to_speechkit":"","speechkit_generate_audio":"","speechkit_project_id":"","speechkit_podcast_id":"","speechkit_hash":"","speechkit_error_message":"","speechkit_disabled":"","speechkit_access_key":"","speechkit_error":"","speechkit_info":"","speechkit_response":"","speechkit_retries":"","_speechkit_link":"","_speechkit_text":""},"categories":[51,78],"tags":[70,9765,387,4932,85,9766,1588,350,137,52,59,600,5930,837,7250,362,473],"jetpack_featured_media_url":"","_links":{"self":[{"href":"https:\/\/pinews.com.br\/index.php\/wp-json\/wp\/v2\/posts\/30263"}],"collection":[{"href":"https:\/\/pinews.com.br\/index.php\/wp-json\/wp\/v2\/posts"}],"about":[{"href":"https:\/\/pinews.com.br\/index.php\/wp-json\/wp\/v2\/types\/post"}],"author":[{"embeddable":true,"href":"https:\/\/pinews.com.br\/index.php\/wp-json\/wp\/v2\/users\/1"}],"replies":[{"embeddable":true,"href":"https:\/\/pinews.com.br\/index.php\/wp-json\/wp\/v2\/comments?post=30263"}],"version-history":[{"count":0,"href":"https:\/\/pinews.com.br\/index.php\/wp-json\/wp\/v2\/posts\/30263\/revisions"}],"wp:featuredmedia":[{"embeddable":true,"href":"https:\/\/pinews.com.br\/index.php\/wp-json\/"}],"wp:attachment":[{"href":"https:\/\/pinews.com.br\/index.php\/wp-json\/wp\/v2\/media?parent=30263"}],"wp:term":[{"taxonomy":"category","embeddable":true,"href":"https:\/\/pinews.com.br\/index.php\/wp-json\/wp\/v2\/categories?post=30263"},{"taxonomy":"post_tag","embeddable":true,"href":"https:\/\/pinews.com.br\/index.php\/wp-json\/wp\/v2\/tags?post=30263"}],"curies":[{"name":"wp","href":"https:\/\/api.w.org\/{rel}","templated":true}]}}