{"id":30338,"date":"2022-01-25T11:29:34","date_gmt":"2022-01-25T14:29:34","guid":{"rendered":"https:\/\/pinews.com.br\/?p=30338"},"modified":"2022-01-25T11:29:34","modified_gmt":"2022-01-25T14:29:34","slug":"prefeitura-cancela-inauguracao-de-balneario-apos-corpo-de-homem-ser-encontrado-no-local-horas-antes-do-evento-no-piaui","status":"publish","type":"post","link":"https:\/\/pinews.com.br\/index.php\/2022\/01\/25\/prefeitura-cancela-inauguracao-de-balneario-apos-corpo-de-homem-ser-encontrado-no-local-horas-antes-do-evento-no-piaui\/","title":{"rendered":"Prefeitura cancela inaugura\u00e7\u00e3o de balne\u00e1rio ap\u00f3s corpo de homem ser encontrado no local horas antes do evento no Piau\u00ed"},"content":{"rendered":"\n<p>A Prefeitura de Campo Largo do Piau\u00ed cancelou a inaugura\u00e7\u00e3o de um balne\u00e1rio ap\u00f3s o corpo de um homem identificado como Lauder\u00edcio Ferreira, de 40 anos, ser visto boiando na \u00e1guas do local horas antes do in\u00edcio do evento, no domingo (23).<\/p>\n\n\n\n<p>Testemunhas afirmam que o homem morreu afogado. A inaugura\u00e7\u00e3o do balne\u00e1rio fazia parte da programa\u00e7\u00e3o de anivers\u00e1rio da cidade, comemorado nesta ter\u00e7a-feira (25).<\/p>\n\n\n\n<p>As demais festividades desta segunda-feira (24) tamb\u00e9m foram canceladas. Em entrevista ao <strong>g1<\/strong>, o prefeito Jairo Leit\u00e3o (PSD) lamentou a morte.<\/p>\n\n\n\n<p>&#8220;Esse homem era um cabeleireiro muito conhecido e querido da cidade. Infelizmente, ele tinha problemas com \u00e1lcool e no momento do acidente estava b\u00eabado. As pessoas que estavam no local tentaram tirar ele da \u00e1gua, mas s\u00f3 conseguiram dez minutos depois, quando ele j\u00e1 estava morto&#8221;, explicou o prefeito.<\/p>\n\n\n\n<figure class=\"wp-block-image\"><img decoding=\"async\" src=\"https:\/\/s2.glbimg.com\/4yyRbXWyIynYwk_QLlZzQzi77yU=\/0x0:1024x768\/984x0\/smart\/filters:strip_icc()\/i.s3.glbimg.com\/v1\/AUTH_59edd422c0c84a879bd37670ae4f538a\/internal_photos\/bs\/2022\/D\/r\/gJ7fD1QuqRDnEOdKUkpw\/whatsapp-image-2022-01-24-at-17.08.18-2-.jpeg\" alt=\"Balne\u00e1rio A\u00e7ude das Piranhas em Campo Largo, Norte do Piau\u00ed \u2014 Foto: Divulga\u00e7\u00e3o\/Prefeitura de Campo Largo\"\/><figcaption>Balne\u00e1rio A\u00e7ude das Piranhas em Campo Largo, Norte do Piau\u00ed \u2014 Foto: Divulga\u00e7\u00e3o\/Prefeitura de Campo Largo<\/figcaption><\/figure>\n\n\n\n<p>Ainda de acordo com o prefeito, o afogamento aconteceu 7h da manh\u00e3 de domingo (23) e \u00e0s 10h estava marcado iniciar uma corrida de canoas no local para iniciar a programa\u00e7\u00e3o do dia para inaugura\u00e7\u00e3o oficial do Balne\u00e1rio A\u00e7ude das Piranhas.<\/p>\n\n\n\n<p>O evento ainda n\u00e3o tem data remarcada, mas segundo o prefeito Jairo a Secretaria Municipal de Agricultura informou que acontecer\u00e1 ainda em mar\u00e7o deste ano.<\/p>\n\n\n\n<p><strong>Fonte: G1 PI<\/strong><\/p>\n","protected":false},"excerpt":{"rendered":"<p>A Prefeitura de Campo Largo do Piau\u00ed cancelou a inaugura\u00e7\u00e3o de um balne\u00e1rio ap\u00f3s o corpo de um homem identificado como Lauder\u00edcio Ferreira, de 40 anos, ser visto boiando na \u00e1guas do local horas antes do in\u00edcio do evento, no domingo (23). Testemunhas afirmam que o homem morreu afogado. A inaugura\u00e7\u00e3o do balne\u00e1rio fazia parte [&hellip;]<\/p>\n","protected":false},"author":1,"featured_media":30339,"comment_status":"open","ping_status":"open","sticky":false,"template":"","format":"standard","meta":{"beyondwords_generate_audio":"","beyondwords_project_id":"","beyondwords_podcast_id":"","beyondwords_hash":"","beyondwords_error_message":"","beyondwords_disabled":"","publish_post_to_speechkit":"","speechkit_generate_audio":"","speechkit_project_id":"","speechkit_podcast_id":"","speechkit_hash":"","speechkit_error_message":"","speechkit_disabled":"","speechkit_access_key":"","speechkit_error":"","speechkit_info":"","speechkit_response":"","speechkit_retries":"","_speechkit_link":"","_speechkit_text":""},"categories":[51],"tags":[6922,70,1095,2648,55,44,200,2058,84,5344,9773,5768,52,917,139],"jetpack_featured_media_url":"","_links":{"self":[{"href":"https:\/\/pinews.com.br\/index.php\/wp-json\/wp\/v2\/posts\/30338"}],"collection":[{"href":"https:\/\/pinews.com.br\/index.php\/wp-json\/wp\/v2\/posts"}],"about":[{"href":"https:\/\/pinews.com.br\/index.php\/wp-json\/wp\/v2\/types\/post"}],"author":[{"embeddable":true,"href":"https:\/\/pinews.com.br\/index.php\/wp-json\/wp\/v2\/users\/1"}],"replies":[{"embeddable":true,"href":"https:\/\/pinews.com.br\/index.php\/wp-json\/wp\/v2\/comments?post=30338"}],"version-history":[{"count":0,"href":"https:\/\/pinews.com.br\/index.php\/wp-json\/wp\/v2\/posts\/30338\/revisions"}],"wp:featuredmedia":[{"embeddable":true,"href":"https:\/\/pinews.com.br\/index.php\/wp-json\/"}],"wp:attachment":[{"href":"https:\/\/pinews.com.br\/index.php\/wp-json\/wp\/v2\/media?parent=30338"}],"wp:term":[{"taxonomy":"category","embeddable":true,"href":"https:\/\/pinews.com.br\/index.php\/wp-json\/wp\/v2\/categories?post=30338"},{"taxonomy":"post_tag","embeddable":true,"href":"https:\/\/pinews.com.br\/index.php\/wp-json\/wp\/v2\/tags?post=30338"}],"curies":[{"name":"wp","href":"https:\/\/api.w.org\/{rel}","templated":true}]}}