{"id":30389,"date":"2022-01-26T16:49:46","date_gmt":"2022-01-26T19:49:46","guid":{"rendered":"https:\/\/pinews.com.br\/?p=30389"},"modified":"2022-01-26T16:49:46","modified_gmt":"2022-01-26T19:49:46","slug":"corpo-de-menino-de-9-anos-que-desapareceu-em-rio-no-piaui-e-encontrado-apos-12-dias-de-buscas","status":"publish","type":"post","link":"https:\/\/pinews.com.br\/index.php\/2022\/01\/26\/corpo-de-menino-de-9-anos-que-desapareceu-em-rio-no-piaui-e-encontrado-apos-12-dias-de-buscas\/","title":{"rendered":"Corpo de menino de 9 anos que desapareceu em rio no Piau\u00ed \u00e9 encontrado ap\u00f3s 12 dias de buscas"},"content":{"rendered":"\n<p>Bombeiros localizaram, nesta quarta-feira (26), o corpo do menino de 9 anos que desapareceu ap\u00f3s cair nas \u00e1guas do Rio Parna\u00edba, em Uru\u00e7u\u00ed, no Sul do Piau\u00ed. Heryck Rhyan Ferreira Rodrigues foi localizado no munic\u00edpio de Porto Alegre do Piau\u00ed, a cerca de 75 km da cidade onde residia.<\/p>\n\n\n\n<p>Ao todo, foram 12 dias de buscas, que foram dificultadas pela cheia do rio e pela for\u00e7a da correnteza. O trabalho do Corpo de Bombeiros iniciou no dia 14 de janeiro, data em que a crian\u00e7a desapareceu.<\/p>\n\n\n\n<blockquote class=\"wp-block-quote\"><p>\u201cEle foi encontrado por volta de 12h50. Em todos os dias foram realizados mergulhos e buscas por embarca\u00e7\u00e3o\u201d, disse o tenente Lucas Xavier, do Corpo de Bombeiros de Floriano.<\/p><\/blockquote>\n\n\n\n<figure class=\"wp-block-image\"><img decoding=\"async\" src=\"https:\/\/s2.glbimg.com\/2e0HGic5ERCTGqbOn6VdP7gnoME=\/0x0:1280x960\/984x0\/smart\/filters:strip_icc()\/i.s3.glbimg.com\/v1\/AUTH_59edd422c0c84a879bd37670ae4f538a\/internal_photos\/bs\/2021\/F\/d\/l554IyTYCuAr5gLaQBew\/urucui.jpg\" alt=\"Cidade de Uru\u00e7u\u00ed, Sul do Piau\u00ed, ap\u00f3s Rio Parna\u00edba transbordar, em 27 de dezembro de 2021 \u2014 Foto: Arquivo pessoal\/Neto Fotografia\"\/><figcaption>Cidade de Uru\u00e7u\u00ed, Sul do Piau\u00ed, ap\u00f3s Rio Parna\u00edba transbordar, em 27 de dezembro de 2021 \u2014 Foto: Arquivo pessoal\/Neto Fotografia<\/figcaption><\/figure>\n\n\n\n<p>Segundo o delegado Francisco C\u00e9lio, o acidente aconteceu por volta das 17h de sexta, quando o menino estava pescando em um barco, na companhia de um av\u00f4.<\/p>\n\n\n\n<p>\u201cEles estavam nas margens do rio, que est\u00e1 bem cheio, e quando foi desenganchar um anzol ele teria ca\u00eddo no rio e desaparecido. A situa\u00e7\u00e3o do rio est\u00e1 muito perigosa, muita \u00e1gua e a correnteza muito forte\u201d, contou o delegado.<\/p>\n\n\n\n<p><strong>Fonte: G1 PI<\/strong><\/p>\n","protected":false},"excerpt":{"rendered":"<p>Bombeiros localizaram, nesta quarta-feira (26), o corpo do menino de 9 anos que desapareceu ap\u00f3s cair nas \u00e1guas do Rio Parna\u00edba, em Uru\u00e7u\u00ed, no Sul do Piau\u00ed. Heryck Rhyan Ferreira Rodrigues foi localizado no munic\u00edpio de Porto Alegre do Piau\u00ed, a cerca de 75 km da cidade onde residia. Ao todo, foram 12 dias de [&hellip;]<\/p>\n","protected":false},"author":1,"featured_media":30390,"comment_status":"open","ping_status":"open","sticky":false,"template":"","format":"standard","meta":{"beyondwords_generate_audio":"","beyondwords_project_id":"","beyondwords_podcast_id":"","beyondwords_hash":"","beyondwords_error_message":"","beyondwords_disabled":"","publish_post_to_speechkit":"","speechkit_generate_audio":"","speechkit_project_id":"","speechkit_podcast_id":"","speechkit_hash":"","speechkit_error_message":"","speechkit_disabled":"","speechkit_access_key":"","speechkit_error":"","speechkit_info":"","speechkit_response":"","speechkit_retries":"","_speechkit_link":"","_speechkit_text":""},"categories":[51],"tags":[191,82,70,5370,55,44,6158,787,72,46,200,1267,52,407],"jetpack_featured_media_url":"","_links":{"self":[{"href":"https:\/\/pinews.com.br\/index.php\/wp-json\/wp\/v2\/posts\/30389"}],"collection":[{"href":"https:\/\/pinews.com.br\/index.php\/wp-json\/wp\/v2\/posts"}],"about":[{"href":"https:\/\/pinews.com.br\/index.php\/wp-json\/wp\/v2\/types\/post"}],"author":[{"embeddable":true,"href":"https:\/\/pinews.com.br\/index.php\/wp-json\/wp\/v2\/users\/1"}],"replies":[{"embeddable":true,"href":"https:\/\/pinews.com.br\/index.php\/wp-json\/wp\/v2\/comments?post=30389"}],"version-history":[{"count":0,"href":"https:\/\/pinews.com.br\/index.php\/wp-json\/wp\/v2\/posts\/30389\/revisions"}],"wp:featuredmedia":[{"embeddable":true,"href":"https:\/\/pinews.com.br\/index.php\/wp-json\/"}],"wp:attachment":[{"href":"https:\/\/pinews.com.br\/index.php\/wp-json\/wp\/v2\/media?parent=30389"}],"wp:term":[{"taxonomy":"category","embeddable":true,"href":"https:\/\/pinews.com.br\/index.php\/wp-json\/wp\/v2\/categories?post=30389"},{"taxonomy":"post_tag","embeddable":true,"href":"https:\/\/pinews.com.br\/index.php\/wp-json\/wp\/v2\/tags?post=30389"}],"curies":[{"name":"wp","href":"https:\/\/api.w.org\/{rel}","templated":true}]}}