{"id":30427,"date":"2022-01-27T20:09:12","date_gmt":"2022-01-27T23:09:12","guid":{"rendered":"https:\/\/pinews.com.br\/?p=30427"},"modified":"2022-01-27T20:09:12","modified_gmt":"2022-01-27T23:09:12","slug":"professores-da-educacao-basica-terao-reajuste-no-piso-salarial","status":"publish","type":"post","link":"https:\/\/pinews.com.br\/index.php\/2022\/01\/27\/professores-da-educacao-basica-terao-reajuste-no-piso-salarial\/","title":{"rendered":"Professores da educa\u00e7\u00e3o b\u00e1sica ter\u00e3o reajuste no piso salarial"},"content":{"rendered":"\n<p>O presidente&nbsp;Jair Bolsonaro&nbsp;anunciou agora \u00e0 tarde, pelo Twitter, reajuste de 33,24% no piso salarial dos professores da educa\u00e7\u00e3o b\u00e1sica. &#8220;\u00c9&nbsp;com satisfa\u00e7\u00e3o que anunciamos para os professores da educa\u00e7\u00e3o b\u00e1sica um reajuste de 33,24% do piso salarial. Esse \u00e9 o maior aumento j\u00e1 concedido pelo governo federal , desde o surgimento da Lei do Piso\u201d, afirmou.&nbsp;&nbsp;Em 2022, o valor ser\u00e1 corrigido e o piso da categoria ser\u00e1 de R$ 3.845,63.<img decoding=\"async\" src=\"https:\/\/agenciabrasil.ebc.com.br\/ebc.png?id=1439017&amp;o=node\"><img decoding=\"async\" src=\"https:\/\/agenciabrasil.ebc.com.br\/ebc.gif?id=1439017&amp;o=node\"><\/p>\n\n\n\n<p>O aumento leva em considera\u00e7\u00e3o o valor, por aluno, pela varia\u00e7\u00e3o da infla\u00e7\u00e3o nos \u00faltimos dois anos, conforme prev\u00ea a Lei do Magist\u00e9rio. Segundo o presidente, mais de 1,7 milh\u00e3o de professores de estados e munic\u00edpios, que lecionam para mais de 38 milh\u00f5es de alunos nas escolas p\u00fablicas, ser\u00e3o beneficiados.<\/p>\n\n\n\n<p><strong>Fonte: Ag\u00eancia Brasil<\/strong><\/p>\n","protected":false},"excerpt":{"rendered":"<p>O presidente&nbsp;Jair Bolsonaro&nbsp;anunciou agora \u00e0 tarde, pelo Twitter, reajuste de 33,24% no piso salarial dos professores da educa\u00e7\u00e3o b\u00e1sica. &#8220;\u00c9&nbsp;com satisfa\u00e7\u00e3o que anunciamos para os professores da educa\u00e7\u00e3o b\u00e1sica um reajuste de 33,24% do piso salarial. Esse \u00e9 o maior aumento j\u00e1 concedido pelo governo federal , desde o surgimento da Lei do Piso\u201d, afirmou.&nbsp;&nbsp;Em [&hellip;]<\/p>\n","protected":false},"author":1,"featured_media":30428,"comment_status":"open","ping_status":"open","sticky":false,"template":"","format":"standard","meta":{"beyondwords_generate_audio":"","beyondwords_project_id":"","beyondwords_podcast_id":"","beyondwords_hash":"","beyondwords_error_message":"","beyondwords_disabled":"","publish_post_to_speechkit":"","speechkit_generate_audio":"","speechkit_project_id":"","speechkit_podcast_id":"","speechkit_hash":"","speechkit_error_message":"","speechkit_disabled":"","speechkit_access_key":"","speechkit_error":"","speechkit_info":"","speechkit_response":"","speechkit_retries":"","_speechkit_link":"","_speechkit_text":""},"categories":[134],"tags":[9789,122,378,8673,1210,519,3086,5619],"jetpack_featured_media_url":"","_links":{"self":[{"href":"https:\/\/pinews.com.br\/index.php\/wp-json\/wp\/v2\/posts\/30427"}],"collection":[{"href":"https:\/\/pinews.com.br\/index.php\/wp-json\/wp\/v2\/posts"}],"about":[{"href":"https:\/\/pinews.com.br\/index.php\/wp-json\/wp\/v2\/types\/post"}],"author":[{"embeddable":true,"href":"https:\/\/pinews.com.br\/index.php\/wp-json\/wp\/v2\/users\/1"}],"replies":[{"embeddable":true,"href":"https:\/\/pinews.com.br\/index.php\/wp-json\/wp\/v2\/comments?post=30427"}],"version-history":[{"count":0,"href":"https:\/\/pinews.com.br\/index.php\/wp-json\/wp\/v2\/posts\/30427\/revisions"}],"wp:featuredmedia":[{"embeddable":true,"href":"https:\/\/pinews.com.br\/index.php\/wp-json\/"}],"wp:attachment":[{"href":"https:\/\/pinews.com.br\/index.php\/wp-json\/wp\/v2\/media?parent=30427"}],"wp:term":[{"taxonomy":"category","embeddable":true,"href":"https:\/\/pinews.com.br\/index.php\/wp-json\/wp\/v2\/categories?post=30427"},{"taxonomy":"post_tag","embeddable":true,"href":"https:\/\/pinews.com.br\/index.php\/wp-json\/wp\/v2\/tags?post=30427"}],"curies":[{"name":"wp","href":"https:\/\/api.w.org\/{rel}","templated":true}]}}