{"id":30456,"date":"2022-01-28T17:08:33","date_gmt":"2022-01-28T20:08:33","guid":{"rendered":"https:\/\/pinews.com.br\/?p=30456"},"modified":"2022-01-28T17:08:33","modified_gmt":"2022-01-28T20:08:33","slug":"feto-humano-e-encontrado-em-terreno-no-piaui-parte-do-corpo-foi-violado-por-animais","status":"publish","type":"post","link":"https:\/\/pinews.com.br\/index.php\/2022\/01\/28\/feto-humano-e-encontrado-em-terreno-no-piaui-parte-do-corpo-foi-violado-por-animais\/","title":{"rendered":"Feto humano \u00e9 encontrado em terreno no Piau\u00ed; parte do corpo foi violado por animais"},"content":{"rendered":"\n<p>Um feto de sexo n\u00e3o identificado foi abandonado e localizado na manh\u00e3 desta sexta-feira (28), em um terreno na comunidade S\u00e3o Pedro, zona rural de Campo Maior, munic\u00edpio a 84 km de Teresina.<\/p>\n\n\n\n<p>A Pol\u00edcia Militar informou que foi acionada por volta das 7h30, depois que moradores da regi\u00e3o avistaram o feto no local.<\/p>\n\n\n\n<p>Ap\u00f3s a chegada de policiais, o terreno foi isolado e passou por per\u00edcia. O Instituto M\u00e9dico Legal (IML) tamb\u00e9m esteve presente e recolheu o feto, que deve passar por exames cadav\u00e9ricos.<\/p>\n\n\n\n<blockquote class=\"wp-block-quote\"><p>\u201cN\u00e3o foi poss\u00edvel identificar ainda o sexo, uma vez que parte do corpo tinha sido violado por animais, alguns populares at\u00e9 colocaram um peda\u00e7o de papel\u00e3o sobre o corpo antes da pol\u00edcia chegar. Somente ap\u00f3s exames periciais essa informa\u00e7\u00e3o poder\u00e1 ser repassada\u201d, contou o comandante do 15\u00ba Batalh\u00e3o da PM, major Etevaldo Alves.<\/p><\/blockquote>\n\n\n\n<p><strong>Fonte: G1 PI<\/strong><\/p>\n","protected":false},"excerpt":{"rendered":"<p>Um feto de sexo n\u00e3o identificado foi abandonado e localizado na manh\u00e3 desta sexta-feira (28), em um terreno na comunidade S\u00e3o Pedro, zona rural de Campo Maior, munic\u00edpio a 84 km de Teresina. A Pol\u00edcia Militar informou que foi acionada por volta das 7h30, depois que moradores da regi\u00e3o avistaram o feto no local. Ap\u00f3s [&hellip;]<\/p>\n","protected":false},"author":1,"featured_media":30457,"comment_status":"open","ping_status":"open","sticky":false,"template":"","format":"standard","meta":{"beyondwords_generate_audio":"","beyondwords_project_id":"","beyondwords_podcast_id":"","beyondwords_hash":"","beyondwords_error_message":"","beyondwords_disabled":"","publish_post_to_speechkit":"","speechkit_generate_audio":"","speechkit_project_id":"","speechkit_podcast_id":"","speechkit_hash":"","speechkit_error_message":"","speechkit_disabled":"","speechkit_access_key":"","speechkit_error":"","speechkit_info":"","speechkit_response":"","speechkit_retries":"","_speechkit_link":"","_speechkit_text":""},"categories":[51,78],"tags":[863,55,72,46,200,1573,1066,783,6465,52,59,1016,9797],"jetpack_featured_media_url":"","_links":{"self":[{"href":"https:\/\/pinews.com.br\/index.php\/wp-json\/wp\/v2\/posts\/30456"}],"collection":[{"href":"https:\/\/pinews.com.br\/index.php\/wp-json\/wp\/v2\/posts"}],"about":[{"href":"https:\/\/pinews.com.br\/index.php\/wp-json\/wp\/v2\/types\/post"}],"author":[{"embeddable":true,"href":"https:\/\/pinews.com.br\/index.php\/wp-json\/wp\/v2\/users\/1"}],"replies":[{"embeddable":true,"href":"https:\/\/pinews.com.br\/index.php\/wp-json\/wp\/v2\/comments?post=30456"}],"version-history":[{"count":0,"href":"https:\/\/pinews.com.br\/index.php\/wp-json\/wp\/v2\/posts\/30456\/revisions"}],"wp:featuredmedia":[{"embeddable":true,"href":"https:\/\/pinews.com.br\/index.php\/wp-json\/"}],"wp:attachment":[{"href":"https:\/\/pinews.com.br\/index.php\/wp-json\/wp\/v2\/media?parent=30456"}],"wp:term":[{"taxonomy":"category","embeddable":true,"href":"https:\/\/pinews.com.br\/index.php\/wp-json\/wp\/v2\/categories?post=30456"},{"taxonomy":"post_tag","embeddable":true,"href":"https:\/\/pinews.com.br\/index.php\/wp-json\/wp\/v2\/tags?post=30456"}],"curies":[{"name":"wp","href":"https:\/\/api.w.org\/{rel}","templated":true}]}}