{"id":30465,"date":"2022-01-28T20:01:03","date_gmt":"2022-01-28T23:01:03","guid":{"rendered":"https:\/\/pinews.com.br\/?p=30465"},"modified":"2022-01-28T20:01:03","modified_gmt":"2022-01-28T23:01:03","slug":"picos-proibe-festas-e-restringe-funcionamento-de-estabelecimentos-em-decreto-para-conter-covid-19","status":"publish","type":"post","link":"https:\/\/pinews.com.br\/index.php\/2022\/01\/28\/picos-proibe-festas-e-restringe-funcionamento-de-estabelecimentos-em-decreto-para-conter-covid-19\/","title":{"rendered":"Picos pro\u00edbe festas e restringe funcionamento de estabelecimentos em decreto para conter Covid-19"},"content":{"rendered":"\n<p>A Prefeitura Municipal de Picos decretou, nesta sexta-feira (28), medidas sanit\u00e1rias para enfrentar a Covid-19. Dentre as determina\u00e7\u00f5es impostas est\u00e3o a proibi\u00e7\u00e3o de festas ou eventos p\u00fablicos ou privados e restri\u00e7\u00e3o do hor\u00e1rio de funcionamento de alguns estabelecimentos.<\/p>\n\n\n\n<p>O prefeito Gil Medeiros (PP) afirmou que o aumento de casos e a procura por atendimento m\u00e9dico no Hospital Regional Justino Luz e no Centro Municipal de Refer\u00eancia ao Combate da COVID-19 foi um dos fatores considerados para a decis\u00e3o.<\/p>\n\n\n\n<p>O gestor ressaltou ainda que o munic\u00edpio registrou 142 casos conhecidos de Covid-19 em 24 horas e enfatizou a possibilidade de desabastecimento de testes para detec\u00e7\u00e3o da doen\u00e7a na cidade.<\/p>\n\n\n\n<p>Desta forma, o decreto suspendeu, por tempo indeterminado, atividades que envolvam aglomera\u00e7\u00e3o; o funcionamento de boates; casas de shows e qualquer estabelecimento que promova atividades festivas, em espa\u00e7o p\u00fablico ou privado, em ambiente fechado ou aberto, com ou sem venda de ingresso.<\/p>\n\n\n\n<h2>Outras medidas:<\/h2>\n\n\n\n<ul><li>Bares, restaurantes, trailers, lanchonetes, lojas de conveni\u00eancia e dep\u00f3sitos de bebidas&nbsp;<strong>s\u00f3 poder\u00e3o funcionar at\u00e9 1h<\/strong>, ficando vedada a promo\u00e7\u00e3o\/realiza\u00e7\u00e3o de festas, eventos, confraterniza\u00e7\u00f5es, dan\u00e7a ou qualquer atividade que gere aglomera\u00e7\u00e3o, seja no estabelecimento, seja no seu entorno.<\/li><li>Mercearias, mercadinhos, mercados, supermercados, hipermercados e padarias&nbsp;<strong>s\u00f3 devem funcionar at\u00e9 as 00h<\/strong>.<\/li><li>Pessoas s\u00f3 poder\u00e3o permanecer em espa\u00e7os p\u00fablicos respeitando os protocolos espec\u00edficos de medidas higienicossanit\u00e1rias das Vigil\u00e2ncias Sanit\u00e1rias Estadual e Municipais, especialmente quanto ao uso obrigat\u00f3rio de m\u00e1scaras.<\/li><li>Bares e restaurantes podem ter apresenta\u00e7\u00e3o musical, desde que n\u00e3o gerem aglomera\u00e7\u00e3o, n\u00e3o permitam dan\u00e7a e fa\u00e7am com que todos os clientes permane\u00e7am sentados em suas mesas.<\/li><\/ul>\n\n\n\n<p>As medidas ser\u00e3o fiscalizadas pela Vigil\u00e2ncia Sanit\u00e1ria Municipal com apoio de outras secretarias e colabora\u00e7\u00e3o das pol\u00edcias Civil, Militar e Rodovi\u00e1ria Federal, al\u00e9m do Minist\u00e9rio P\u00fablico.<\/p>\n\n\n\n<p>O poder p\u00fablico n\u00e3o poder\u00e1 financiar ou apoiar eventos no per\u00edodo de vig\u00eancia do decreto, ficando suspensas licen\u00e7as ou autoriza\u00e7\u00f5es para realiza\u00e7\u00e3o de festas.<\/p>\n\n\n\n<p>O descumprimento das medidas pode resultar em multa de R$ 5 mil a R$ 50 mil, al\u00e9m de ensejar crime de desobedi\u00eancia e crime contra a sa\u00fade p\u00fablica.<\/p>\n\n\n\n<p><strong>Fonte: G1 PI<\/strong><\/p>\n","protected":false},"excerpt":{"rendered":"<p>A Prefeitura Municipal de Picos decretou, nesta sexta-feira (28), medidas sanit\u00e1rias para enfrentar a Covid-19. Dentre as determina\u00e7\u00f5es impostas est\u00e3o a proibi\u00e7\u00e3o de festas ou eventos p\u00fablicos ou privados e restri\u00e7\u00e3o do hor\u00e1rio de funcionamento de alguns estabelecimentos. O prefeito Gil Medeiros (PP) afirmou que o aumento de casos e a procura por atendimento m\u00e9dico [&hellip;]<\/p>\n","protected":false},"author":1,"featured_media":30466,"comment_status":"open","ping_status":"open","sticky":false,"template":"","format":"standard","meta":{"beyondwords_generate_audio":"","beyondwords_project_id":"","beyondwords_podcast_id":"","beyondwords_hash":"","beyondwords_error_message":"","beyondwords_disabled":"","publish_post_to_speechkit":"","speechkit_generate_audio":"","speechkit_project_id":"","speechkit_podcast_id":"","speechkit_hash":"","speechkit_error_message":"","speechkit_disabled":"","speechkit_access_key":"","speechkit_error":"","speechkit_info":"","speechkit_response":"","speechkit_retries":"","_speechkit_link":"","_speechkit_text":""},"categories":[51,126],"tags":[6206,5307,44,2611,46,7607,6939,7680,350,125,5951,6042],"jetpack_featured_media_url":"","_links":{"self":[{"href":"https:\/\/pinews.com.br\/index.php\/wp-json\/wp\/v2\/posts\/30465"}],"collection":[{"href":"https:\/\/pinews.com.br\/index.php\/wp-json\/wp\/v2\/posts"}],"about":[{"href":"https:\/\/pinews.com.br\/index.php\/wp-json\/wp\/v2\/types\/post"}],"author":[{"embeddable":true,"href":"https:\/\/pinews.com.br\/index.php\/wp-json\/wp\/v2\/users\/1"}],"replies":[{"embeddable":true,"href":"https:\/\/pinews.com.br\/index.php\/wp-json\/wp\/v2\/comments?post=30465"}],"version-history":[{"count":0,"href":"https:\/\/pinews.com.br\/index.php\/wp-json\/wp\/v2\/posts\/30465\/revisions"}],"wp:featuredmedia":[{"embeddable":true,"href":"https:\/\/pinews.com.br\/index.php\/wp-json\/"}],"wp:attachment":[{"href":"https:\/\/pinews.com.br\/index.php\/wp-json\/wp\/v2\/media?parent=30465"}],"wp:term":[{"taxonomy":"category","embeddable":true,"href":"https:\/\/pinews.com.br\/index.php\/wp-json\/wp\/v2\/categories?post=30465"},{"taxonomy":"post_tag","embeddable":true,"href":"https:\/\/pinews.com.br\/index.php\/wp-json\/wp\/v2\/tags?post=30465"}],"curies":[{"name":"wp","href":"https:\/\/api.w.org\/{rel}","templated":true}]}}