{"id":30471,"date":"2022-01-29T11:01:12","date_gmt":"2022-01-29T14:01:12","guid":{"rendered":"https:\/\/pinews.com.br\/?p=30471"},"modified":"2022-01-29T11:01:12","modified_gmt":"2022-01-29T14:01:12","slug":"conta-de-luz-da-baixa-renda-tera-bandeira-verde-em-fevereiro-diz-aneel","status":"publish","type":"post","link":"https:\/\/pinews.com.br\/index.php\/2022\/01\/29\/conta-de-luz-da-baixa-renda-tera-bandeira-verde-em-fevereiro-diz-aneel\/","title":{"rendered":"Conta de luz da baixa renda ter\u00e1 bandeira verde em fevereiro, diz Aneel"},"content":{"rendered":"\n<p>A Aneel (Ag\u00eancia Nacional de Energia El\u00e9trica) anunciou nesta sexta-feira (28) que os consumidores que recebem o benef\u00edcio Tarifa Social de Energia El\u00e9trica continuar\u00e3o com bandeira verde na conta de luz em fevereiro. Com isso, os benefici\u00e1rios do programa estar\u00e3o isentos de tarifas por mais um m\u00eas.<\/p>\n\n\n\n<p>Os demais consumidores continuar\u00e3o sob vig\u00eancia da bandeira de Escassez H\u00eddrica, criada pelo governo para enfrentar o aumento de custos decorrentes da crise h\u00eddrica. Essa taxa extraordin\u00e1ria come\u00e7ou a ser cobrada em setembro e fica em vigor at\u00e9 abril de 2022. Desde setembro, a bandeira adiciona R$ 14,20 a cada 100 kWh consumidos.<\/p>\n\n\n\n<p>J\u00e1 a bandeira verde para os benefici\u00e1rios do Tarifa Social entrou em vigor em dezembro de 2021 e ofereceu um al\u00edvio de R$ 1,87 para cada 100 kWh (quilowatts-hora) consumidos. A medida foi institu\u00edda num momento em que os reservat\u00f3rios apresentavam leve recupera\u00e7\u00e3o. Antes, os consumidores do grupo pagavam bandeira amarela.<\/p>\n\n\n\n<p>Para os pr\u00f3ximos dias, o ONS (Operador Nacional do Sistema El\u00e9trico) tamb\u00e9m projeta melhoria. Os reservat\u00f3rios das hidrel\u00e9tricas do Sudeste devem atingir 54% de sua capacidade em fevereiro, versus proje\u00e7\u00e3o de 40,6% para o fim de janeiro, diz a entidade. As chuvas de fevereiro na regi\u00e3o est\u00e3o estimadas em 96% da m\u00e9dia hist\u00f3rica.<\/p>\n\n\n\n<p>O operador prev\u00ea ainda que as chuvas superem a m\u00e9dia hist\u00f3rica no Nordeste (167%) e Norte (124%) para o m\u00eas de fevereiro. J\u00e1 no Sul, que vem enfrentando condi\u00e7\u00f5es clim\u00e1ticas adversas, a proje\u00e7\u00e3o \u00e9 de chuvas em 40% da m\u00e9dia hist\u00f3rica.<\/p>\n\n\n\n<p><strong>Fonte: Folhapress<\/strong><\/p>\n","protected":false},"excerpt":{"rendered":"<p>A Aneel (Ag\u00eancia Nacional de Energia El\u00e9trica) anunciou nesta sexta-feira (28) que os consumidores que recebem o benef\u00edcio Tarifa Social de Energia El\u00e9trica continuar\u00e3o com bandeira verde na conta de luz em fevereiro. Com isso, os benefici\u00e1rios do programa estar\u00e3o isentos de tarifas por mais um m\u00eas. Os demais consumidores continuar\u00e3o sob vig\u00eancia da bandeira [&hellip;]<\/p>\n","protected":false},"author":1,"featured_media":30472,"comment_status":"open","ping_status":"open","sticky":false,"template":"","format":"standard","meta":{"beyondwords_generate_audio":"","beyondwords_project_id":"","beyondwords_podcast_id":"","beyondwords_hash":"","beyondwords_error_message":"","beyondwords_disabled":"","publish_post_to_speechkit":"","speechkit_generate_audio":"","speechkit_project_id":"","speechkit_podcast_id":"","speechkit_hash":"","speechkit_error_message":"","speechkit_disabled":"","speechkit_access_key":"","speechkit_error":"","speechkit_info":"","speechkit_response":"","speechkit_retries":"","_speechkit_link":"","_speechkit_text":""},"categories":[516,134],"tags":[6705,1027,7401,6395,122,44,683,46,1786,5792,1031,5437,8752],"jetpack_featured_media_url":"","_links":{"self":[{"href":"https:\/\/pinews.com.br\/index.php\/wp-json\/wp\/v2\/posts\/30471"}],"collection":[{"href":"https:\/\/pinews.com.br\/index.php\/wp-json\/wp\/v2\/posts"}],"about":[{"href":"https:\/\/pinews.com.br\/index.php\/wp-json\/wp\/v2\/types\/post"}],"author":[{"embeddable":true,"href":"https:\/\/pinews.com.br\/index.php\/wp-json\/wp\/v2\/users\/1"}],"replies":[{"embeddable":true,"href":"https:\/\/pinews.com.br\/index.php\/wp-json\/wp\/v2\/comments?post=30471"}],"version-history":[{"count":0,"href":"https:\/\/pinews.com.br\/index.php\/wp-json\/wp\/v2\/posts\/30471\/revisions"}],"wp:featuredmedia":[{"embeddable":true,"href":"https:\/\/pinews.com.br\/index.php\/wp-json\/"}],"wp:attachment":[{"href":"https:\/\/pinews.com.br\/index.php\/wp-json\/wp\/v2\/media?parent=30471"}],"wp:term":[{"taxonomy":"category","embeddable":true,"href":"https:\/\/pinews.com.br\/index.php\/wp-json\/wp\/v2\/categories?post=30471"},{"taxonomy":"post_tag","embeddable":true,"href":"https:\/\/pinews.com.br\/index.php\/wp-json\/wp\/v2\/tags?post=30471"}],"curies":[{"name":"wp","href":"https:\/\/api.w.org\/{rel}","templated":true}]}}