{"id":30644,"date":"2022-02-04T20:11:53","date_gmt":"2022-02-04T23:11:53","guid":{"rendered":"https:\/\/pinews.com.br\/?p=30644"},"modified":"2022-02-04T20:11:53","modified_gmt":"2022-02-04T23:11:53","slug":"governo-do-piaui-suspende-retorno-de-aulas-presenciais-do-estado-ate-marco","status":"publish","type":"post","link":"https:\/\/pinews.com.br\/index.php\/2022\/02\/04\/governo-do-piaui-suspende-retorno-de-aulas-presenciais-do-estado-ate-marco\/","title":{"rendered":"Governo do Piau\u00ed suspende retorno de aulas presenciais do estado at\u00e9 mar\u00e7o"},"content":{"rendered":"\n<p>O governador Wellington Dias anunciou, nesta sexta-feira (04), que as aulas presenciais na rede p\u00fablica estadual ser\u00e3o adiadas em todo o Piau\u00ed, tendo em vista o crescimento de casos de Covid-19 no estado. As aulas, que iriam iniciar no dia 07 de fevereiro, ser\u00e3o adiadas para o dia 03 de mar\u00e7o, logo ap\u00f3s o carnaval.<\/p>\n\n\n\n<p>De acordo com o governo, a decis\u00e3o foi tomada com base nas recomenda\u00e7\u00f5es do Comit\u00ea de Opera\u00e7\u00f5es Emergenciais (Coe), que aponta a previs\u00e3o de um pico de casos nos dias 21, 22 e 23, e ser\u00e1 oficializada em decreto, que deve ser publicado ainda nesta sexta-feira. O chefe do Executivo estadual pede que os munic\u00edpios, as universidades e a rede privada sigam na mesma orienta\u00e7\u00e3o.<\/p>\n\n\n\n<p>\u201cO adiamento \u00e9 para garantir as condi\u00e7\u00f5es de evitar riscos para todas as pessoas que atuam na nossa rede. A medida faz parte do controle da circula\u00e7\u00e3o de pessoas, e sei que n\u00e3o agrada, mas \u00e9 necess\u00e1ria. Ao mesmo tempo, estamos recomendando que os Munic\u00edpios, o Governo Federal em sua rede de educa\u00e7\u00e3o e nas escolas privadas possamos trabalhar, ou de forma virtual ou com adiamento do in\u00edcio das aulas, na mesma linha do Estado e, com isso, salvar vidas\u201d, afirmou Wellington Dias.<\/p>\n\n\n\n<p>O Governo do Estado disse que continuar\u00e1 ainda com as a\u00e7\u00f5es para controlar a Covid-19 no Piau\u00ed. Al\u00e9m do decreto em vig\u00eancia com as medidas sanit\u00e1rias, ser\u00e3o mantidos os trabalhos nas barreiras sanit\u00e1rias no Piau\u00ed e nas divisas com o Maranh\u00e3o, do Programa Busca Ativa, bem como a amplia\u00e7\u00e3o de leitos e investimentos em testagem e vacina\u00e7\u00e3o.<\/p>\n\n\n\n<p>De acordo com o chefe do Executivo estadual, as medidas seguem as orienta\u00e7\u00f5es acordadas pelo F\u00f3rum dos Governadores do Brasil para evitar a circular de pessoas e, assim, maior transmissibilidade. Dias frisou que a prioridade \u00e9 a vacina\u00e7\u00e3o.<\/p>\n\n\n\n<p>\u201cEstamos seguindo o F\u00f3rum dos Governadores, que segue a ci\u00eancia. Portanto, em primeiro lugar: a limita\u00e7\u00e3o na movimenta\u00e7\u00e3o de pessoas, depois vamos trabalhar o aumento de leitos, para que ningu\u00e9m fique sem atendimento. Tamb\u00e9m, no Piau\u00ed, estamos trabalhando as barreiras preventivas e o Busca Ativa para garantirmos o controle das entradas em aeroportos e rodovias. Estamos ainda ampliando os testes, distribuindo aos munic\u00edpios para descobrir quem est\u00e1 com Covid, colocar em orienta\u00e7\u00e3o m\u00e9dica, em quarentena para evitar transmissibilidade. Por \u00faltimo, vamos adotar, entre tantas medidas, a vacina\u00e7\u00e3o como prioridade. J\u00e1 estamos nos aproximando de 80% da popula\u00e7\u00e3o imunizada, o Piau\u00ed em segundo lugar do Brasil, praticamente empatado por S\u00e3o Paulo, e essa \u00e9 a meta para enfrentar mais essa onda\u201d, disse o governador.<\/p>\n\n\n\n<p><strong>Teresina tamb\u00e9m suspendeu retorno presencial<\/strong><\/p>\n\n\n\n<p>Ontem, o prefeito de Teresina, Dr. Pessoa (MDB), suspendeu o retorno das aulas e atividades escolares na forma presencial, na rede p\u00fablica municipal, pelo per\u00edodo de 15 dias. A medida est\u00e1 no decreto 22.064 publicado na tarde desta quinta-feira (3) no Di\u00e1rio Oficial do Munic\u00edpio. Com a proibi\u00e7\u00e3o das aulas presenciais, o in\u00edcio do ano letivo 2022, marcado para come\u00e7ar no dia 7 de fevereiro, se dar\u00e1 apenas em formato remoto.<\/p>\n\n\n\n<p><strong>Fonte: Cidade Verde<\/strong><\/p>\n","protected":false},"excerpt":{"rendered":"<p>O governador Wellington Dias anunciou, nesta sexta-feira (04), que as aulas presenciais na rede p\u00fablica estadual ser\u00e3o adiadas em todo o Piau\u00ed, tendo em vista o crescimento de casos de Covid-19 no estado. As aulas, que iriam iniciar no dia 07 de fevereiro, ser\u00e3o adiadas para o dia 03 de mar\u00e7o, logo ap\u00f3s o carnaval. [&hellip;]<\/p>\n","protected":false},"author":1,"featured_media":30645,"comment_status":"open","ping_status":"open","sticky":false,"template":"","format":"standard","meta":{"beyondwords_generate_audio":"","beyondwords_project_id":"","beyondwords_podcast_id":"","beyondwords_hash":"","beyondwords_error_message":"","beyondwords_disabled":"","publish_post_to_speechkit":"","speechkit_generate_audio":"","speechkit_project_id":"","speechkit_podcast_id":"","speechkit_hash":"","speechkit_error_message":"","speechkit_disabled":"","speechkit_access_key":"","speechkit_error":"","speechkit_info":"","speechkit_response":"","speechkit_retries":"","_speechkit_link":"","_speechkit_text":""},"categories":[51],"tags":[815,5525,44,1015,458,1970,52,5528,5524,5866],"jetpack_featured_media_url":"","_links":{"self":[{"href":"https:\/\/pinews.com.br\/index.php\/wp-json\/wp\/v2\/posts\/30644"}],"collection":[{"href":"https:\/\/pinews.com.br\/index.php\/wp-json\/wp\/v2\/posts"}],"about":[{"href":"https:\/\/pinews.com.br\/index.php\/wp-json\/wp\/v2\/types\/post"}],"author":[{"embeddable":true,"href":"https:\/\/pinews.com.br\/index.php\/wp-json\/wp\/v2\/users\/1"}],"replies":[{"embeddable":true,"href":"https:\/\/pinews.com.br\/index.php\/wp-json\/wp\/v2\/comments?post=30644"}],"version-history":[{"count":0,"href":"https:\/\/pinews.com.br\/index.php\/wp-json\/wp\/v2\/posts\/30644\/revisions"}],"wp:featuredmedia":[{"embeddable":true,"href":"https:\/\/pinews.com.br\/index.php\/wp-json\/"}],"wp:attachment":[{"href":"https:\/\/pinews.com.br\/index.php\/wp-json\/wp\/v2\/media?parent=30644"}],"wp:term":[{"taxonomy":"category","embeddable":true,"href":"https:\/\/pinews.com.br\/index.php\/wp-json\/wp\/v2\/categories?post=30644"},{"taxonomy":"post_tag","embeddable":true,"href":"https:\/\/pinews.com.br\/index.php\/wp-json\/wp\/v2\/tags?post=30644"}],"curies":[{"name":"wp","href":"https:\/\/api.w.org\/{rel}","templated":true}]}}