{"id":30722,"date":"2022-02-07T17:51:32","date_gmt":"2022-02-07T20:51:32","guid":{"rendered":"https:\/\/pinews.com.br\/?p=30722"},"modified":"2022-02-07T17:51:32","modified_gmt":"2022-02-07T20:51:32","slug":"motoristas-morrem-carbonizados-e-ao-menos-15-passageiros-tem-ferimentos-graves-apos-batida-entre-onibus","status":"publish","type":"post","link":"https:\/\/pinews.com.br\/index.php\/2022\/02\/07\/motoristas-morrem-carbonizados-e-ao-menos-15-passageiros-tem-ferimentos-graves-apos-batida-entre-onibus\/","title":{"rendered":"Motoristas morrem carbonizados e ao menos 15 passageiros tem ferimentos graves ap\u00f3s batida entre \u00f4nibus"},"content":{"rendered":"\n<p>Dois motoristas morreram e ao menos 15 passageiros ficaram feridos em um acidente entre dois \u00f4nibus, no km 373 da BA-120, no trecho entre as cidades de Retirol\u00e2ndia e Concei\u00e7\u00e3o do Coit\u00e9, que ficam a cerca de 250 km de Salvador. A batida aconteceu por volta das 9h desta segunda-feira (7), na localidade que \u00e9 conhecida como Cascalheira.<\/p>\n\n\n\n<p>A Pol\u00edcia Rodovi\u00e1ria Estadual (PRE) informou que os dois coletivos, que faziam transporte de passageiros, bateram de frente.<\/p>\n\n\n\n<p>Segundo o m\u00e9dico socorristas, Lucival Souza, que esteve no local, muitos passageiros precisaram de socorro e foram levados para o Hospital de Retirol\u00e2ndia. Alguns deles aguardam transfer\u00eancias para outras unidades.<\/p>\n\n\n\n<p>\u201cMuitas for\u00e7as foram acionadas para esse grave acidente. A gente est\u00e1 aqui no local, infelizmente dois \u00f3bitos, em um cada \u00f4nibus, os dois motoristas. Muitas pessoas no Hospital de Retirol\u00e2ndia, estamos aguardando transfer\u00eancias de alguns pacientes para Coit\u00e9\u201d, explicou Lucival Souza.<\/p>\n\n\n\n<blockquote class=\"wp-block-quote\"><p>\u201cTemos de 15 a 20 v\u00edtimas graves passando por exames e aguardando transfer\u00eancias\u201d.<\/p><\/blockquote>\n\n\n\n<p>A pol\u00edcia ainda n\u00e3o informou a quantidade de pessoas feridas, mas equipes dos Anjos da Vida, que s\u00e3o bombeiros volunt\u00e1rios da regi\u00e3o informaram que v\u00edtimas est\u00e3o sendo levadas para hospitais de ambas cidades.<\/p>\n\n\n\n<p>Conforme Lucival Souza, o cobrador de um dos \u00f4nibus, muito emocionado, n\u00e3o soube dizer quantas pessoas estavam no coletivo.<\/p>\n\n\n\n<p>\u201cConversei bastante com o cobrador, muito emocionado, chorando, falando que tentou tirar o amigo, mas estava com os p\u00e9s presos\u201d, disse.<\/p>\n\n\n\n<p>\u201cUma crian\u00e7a, um bebezinho, estava ca\u00edda no ch\u00e3o. Ent\u00e3o foi muita correria, ele estava desesperado e n\u00e3o soube dizer quantos passageiros estava no \u00f4nibus\u201d.<\/p>\n\n\n\n<p>De acordo com o m\u00e9dico, a maioria dos feridos tomaram pancadas na cabe\u00e7a e outras tiveram queimaduras consideradas de pequena gravidade.<\/p>\n\n\n\n<p>\u201cChegamos ao local e percebemos bastante chamas, nos dois \u00f4nibus, e v\u00e1rias ambul\u00e2ncias de Retirol\u00e2ndia, Coit\u00e9 e v\u00e1rias cidades que vieram dar apoio tamb\u00e9m, fazendo as transfer\u00eancias desses pacientes para Retirol\u00e2ndia, cerca de 1,5 km do local do acidente\u201d, contou.<\/p>\n\n\n\n<figure class=\"wp-block-image\"><img decoding=\"async\" src=\"https:\/\/s2.glbimg.com\/GGVXyv4YdW6BFEnDI0PjqlVXc1c=\/0x0:782x640\/984x0\/smart\/filters:strip_icc()\/i.s3.glbimg.com\/v1\/AUTH_59edd422c0c84a879bd37670ae4f538a\/internal_photos\/bs\/2022\/g\/9\/qJsvFxTny1kHXszTdHxg\/whatsapp-image-2022-02-07-at-11.27.27.jpeg\" alt=\"Acidente entre dois \u00f4nibus mata duas pessoas e deixa outras feridas na BA-120 \u2014 Foto: Reprodu\u00e7\u00e3o\/Redes Sociais\"\/><figcaption>Acidente entre dois \u00f4nibus mata duas pessoas e deixa outras feridas na BA-120 \u2014 Foto: Reprodu\u00e7\u00e3o\/Redes Sociais<\/figcaption><\/figure>\n\n\n\n<p>Ainda n\u00e3o h\u00e1 detalhes sobre as circunst\u00e2ncias da batida, mas informa\u00e7\u00f5es preliminares apontam que um dos motoristas tentou desviar de buracos na estrada. As duas v\u00edtimas s\u00e3o os motoristas de ambos os coletivos.<\/p>\n\n\n\n<p>O Corpo de Bombeiros esteve no local para fazer a remo\u00e7\u00e3o dos corpos, que ficaram presos \u00e0s ferragens. Um dos ve\u00edculos chegou a incendiar.<\/p>\n\n\n\n<p><strong>Fonte: G1<\/strong><\/p>\n","protected":false},"excerpt":{"rendered":"<p>Dois motoristas morreram e ao menos 15 passageiros ficaram feridos em um acidente entre dois \u00f4nibus, no km 373 da BA-120, no trecho entre as cidades de Retirol\u00e2ndia e Concei\u00e7\u00e3o do Coit\u00e9, que ficam a cerca de 250 km de Salvador. A batida aconteceu por volta das 9h desta segunda-feira (7), na localidade que \u00e9 [&hellip;]<\/p>\n","protected":false},"author":1,"featured_media":30727,"comment_status":"open","ping_status":"open","sticky":false,"template":"","format":"standard","meta":{"beyondwords_generate_audio":"","beyondwords_project_id":"","beyondwords_podcast_id":"","beyondwords_hash":"","beyondwords_error_message":"","beyondwords_disabled":"","publish_post_to_speechkit":"","speechkit_generate_audio":"","speechkit_project_id":"","speechkit_podcast_id":"","speechkit_hash":"","speechkit_error_message":"","speechkit_disabled":"","speechkit_access_key":"","speechkit_error":"","speechkit_info":"","speechkit_response":"","speechkit_retries":"","_speechkit_link":"","_speechkit_text":""},"categories":[134],"tags":[180,132,70,9841,1258,178,726,6023,492,261,2075,301,6708,60],"jetpack_featured_media_url":"","_links":{"self":[{"href":"https:\/\/pinews.com.br\/index.php\/wp-json\/wp\/v2\/posts\/30722"}],"collection":[{"href":"https:\/\/pinews.com.br\/index.php\/wp-json\/wp\/v2\/posts"}],"about":[{"href":"https:\/\/pinews.com.br\/index.php\/wp-json\/wp\/v2\/types\/post"}],"author":[{"embeddable":true,"href":"https:\/\/pinews.com.br\/index.php\/wp-json\/wp\/v2\/users\/1"}],"replies":[{"embeddable":true,"href":"https:\/\/pinews.com.br\/index.php\/wp-json\/wp\/v2\/comments?post=30722"}],"version-history":[{"count":0,"href":"https:\/\/pinews.com.br\/index.php\/wp-json\/wp\/v2\/posts\/30722\/revisions"}],"wp:featuredmedia":[{"embeddable":true,"href":"https:\/\/pinews.com.br\/index.php\/wp-json\/"}],"wp:attachment":[{"href":"https:\/\/pinews.com.br\/index.php\/wp-json\/wp\/v2\/media?parent=30722"}],"wp:term":[{"taxonomy":"category","embeddable":true,"href":"https:\/\/pinews.com.br\/index.php\/wp-json\/wp\/v2\/categories?post=30722"},{"taxonomy":"post_tag","embeddable":true,"href":"https:\/\/pinews.com.br\/index.php\/wp-json\/wp\/v2\/tags?post=30722"}],"curies":[{"name":"wp","href":"https:\/\/api.w.org\/{rel}","templated":true}]}}