{"id":30780,"date":"2022-02-09T16:46:07","date_gmt":"2022-02-09T19:46:07","guid":{"rendered":"https:\/\/pinews.com.br\/?p=30780"},"modified":"2022-02-09T16:46:07","modified_gmt":"2022-02-09T19:46:07","slug":"novo-documento-nacional-de-identidade-comeca-a-ser-emitido-em-marco","status":"publish","type":"post","link":"https:\/\/pinews.com.br\/index.php\/2022\/02\/09\/novo-documento-nacional-de-identidade-comeca-a-ser-emitido-em-marco\/","title":{"rendered":"Novo documento nacional de identidade come\u00e7a a ser emitido em mar\u00e7o"},"content":{"rendered":"\n<p>Nesta ter\u00e7a-feira (8) o Tribunal Superior Eleitoral (TSE) lan\u00e7ou uma nova fase no processo de implementa\u00e7\u00e3o do Documento Nacional de Identidade (DNI), sendo ela a nova carteira de identidade digital que ser\u00e1 emitida a partir de mar\u00e7o e primeiro deve ser destinada a servidores da Justi\u00e7a Eleitoral e de outros \u00f3rg\u00e3os p\u00fablicos.<\/p>\n\n\n\n<p><strong>Novo Documento Nacional de Identifica\u00e7\u00e3o<\/strong><\/p>\n\n\n\n<p>O DNI ir\u00e1 reunir os seguintes documentos em um s\u00f3:<\/p>\n\n\n\n<ul><li>Documento de Identidade (famoso RG);<\/li><li>Cadastro de Pessoa F\u00edsica (CPF);<\/li><li>Carteira Nacional de Habilita\u00e7\u00e3o (CNH);<\/li><li>T\u00edtulo de eleitor;<\/li><li>N\u00fameros de NIS\/PIS\/Pasep;<\/li><li>Numera\u00e7\u00e3o da Carteira de Trabalho e Previd\u00eancia Social;<\/li><li>Certificado militar;<\/li><li>Documento de identidade profissional; e<\/li><li>Carteira nacional de sa\u00fade.<\/li><\/ul>\n\n\n\n<p>O novo documento nacional de identifica\u00e7\u00e3o deve ter formato digital e ser\u00e1 v\u00e1lido em todo o territ\u00f3rio nacional. O modelo tamb\u00e9m traz dispositivos para aumentar a seguran\u00e7a contra a falsifica\u00e7\u00e3o.<\/p>\n\n\n\n<p><strong>Implementa\u00e7\u00e3o do novo documento<\/strong><\/p>\n\n\n\n<p>A implementa\u00e7\u00e3o do novo documento segue a passos lentos desde 2017 quando foi aprovado a cria\u00e7\u00e3o do mesmo pelo&nbsp;Congresso Nacional. De l\u00e1 pra c\u00e1, tivemos poucos avan\u00e7os.<\/p>\n\n\n\n<p>Na tomada de decis\u00e3o desta ter\u00e7a, por exemplo, foi anunciado o in\u00edcio de uma mesma etapa que havia sido lan\u00e7ada ainda em 2018, sendo ela a disponibiliza\u00e7\u00e3o inicial do novo documento a servidores do TSE, para que possa ser testado antes de chegar \u00e0 popula\u00e7\u00e3o.<\/p>\n\n\n\n<p>Outro problema para os avan\u00e7os da medida foi a pandemia da Covid-19, que acabou prejudicando o andamento do projeto, paralisando a coleta da biometria dos eleitores do TSE, etapa considerada como essencial para a implementa\u00e7\u00e3o do documento.<\/p>\n\n\n\n<p><strong>Aplicativo<\/strong><\/p>\n\n\n\n<p>Agora que o&nbsp;TSE&nbsp;volta a se focar na&nbsp;implementa\u00e7\u00e3o&nbsp;do documento a partir de&nbsp;mar\u00e7o, os funcion\u00e1rios do TSE poder\u00e3o baixar um&nbsp;aplicativo&nbsp;desenvolvido pelo Servi\u00e7o Federal de Processamento de Dados (Serpro), empresa p\u00fablica.<br>Leia mais:<\/p>\n\n\n\n<p>\u201cEssa experi\u00eancia inicial \u00e9 fundamental, pois, por se tratar de um documento digital, \u00e9 importante seu uso de forma escalonada, possibilitando a implementa\u00e7\u00e3o de melhorias que se mostrem necess\u00e1rias antes da disponibiliza\u00e7\u00e3o ao grande p\u00fablico\u201d, disse o TSE por meio de nota.<\/p>\n\n\n\n<p>Ainda existe uma previs\u00e3o de que a partir de agosto os cidad\u00e3os do estado de Minas Gerais, possam adiantar a emiss\u00e3o do documento.<\/p>\n\n\n\n<p>Minas Gerais acaba se antecipando aos demais estados devido ao conv\u00eanio firmado entre o TSE e o estado com o objetivo de acelerar a implementa\u00e7\u00e3o do novo documento. No entanto, somente quem fez a coleta biom\u00e9trica (foto facial e impress\u00e3o digital), ter\u00e1 acesso ao DNI.<\/p>\n\n\n\n<p><strong>Fonte: Meio Norte<\/strong><\/p>\n","protected":false},"excerpt":{"rendered":"<p>Nesta ter\u00e7a-feira (8) o Tribunal Superior Eleitoral (TSE) lan\u00e7ou uma nova fase no processo de implementa\u00e7\u00e3o do Documento Nacional de Identidade (DNI), sendo ela a nova carteira de identidade digital que ser\u00e1 emitida a partir de mar\u00e7o e primeiro deve ser destinada a servidores da Justi\u00e7a Eleitoral e de outros \u00f3rg\u00e3os p\u00fablicos. Novo Documento Nacional [&hellip;]<\/p>\n","protected":false},"author":1,"featured_media":30781,"comment_status":"open","ping_status":"open","sticky":false,"template":"","format":"standard","meta":{"beyondwords_generate_audio":"","beyondwords_project_id":"","beyondwords_podcast_id":"","beyondwords_hash":"","beyondwords_error_message":"","beyondwords_disabled":"","publish_post_to_speechkit":"","speechkit_generate_audio":"","speechkit_project_id":"","speechkit_podcast_id":"","speechkit_hash":"","speechkit_error_message":"","speechkit_disabled":"","speechkit_access_key":"","speechkit_error":"","speechkit_info":"","speechkit_response":"","speechkit_retries":"","_speechkit_link":"","_speechkit_text":""},"categories":[134],"tags":[5722,44,907,46,9855,6552,1970,5508,508,139],"jetpack_featured_media_url":"","_links":{"self":[{"href":"https:\/\/pinews.com.br\/index.php\/wp-json\/wp\/v2\/posts\/30780"}],"collection":[{"href":"https:\/\/pinews.com.br\/index.php\/wp-json\/wp\/v2\/posts"}],"about":[{"href":"https:\/\/pinews.com.br\/index.php\/wp-json\/wp\/v2\/types\/post"}],"author":[{"embeddable":true,"href":"https:\/\/pinews.com.br\/index.php\/wp-json\/wp\/v2\/users\/1"}],"replies":[{"embeddable":true,"href":"https:\/\/pinews.com.br\/index.php\/wp-json\/wp\/v2\/comments?post=30780"}],"version-history":[{"count":0,"href":"https:\/\/pinews.com.br\/index.php\/wp-json\/wp\/v2\/posts\/30780\/revisions"}],"wp:featuredmedia":[{"embeddable":true,"href":"https:\/\/pinews.com.br\/index.php\/wp-json\/"}],"wp:attachment":[{"href":"https:\/\/pinews.com.br\/index.php\/wp-json\/wp\/v2\/media?parent=30780"}],"wp:term":[{"taxonomy":"category","embeddable":true,"href":"https:\/\/pinews.com.br\/index.php\/wp-json\/wp\/v2\/categories?post=30780"},{"taxonomy":"post_tag","embeddable":true,"href":"https:\/\/pinews.com.br\/index.php\/wp-json\/wp\/v2\/tags?post=30780"}],"curies":[{"name":"wp","href":"https:\/\/api.w.org\/{rel}","templated":true}]}}