{"id":30804,"date":"2022-02-10T20:02:02","date_gmt":"2022-02-10T23:02:02","guid":{"rendered":"https:\/\/pinews.com.br\/?p=30804"},"modified":"2022-02-10T20:02:02","modified_gmt":"2022-02-10T23:02:02","slug":"governo-inclui-mais-556-mil-pessoas-no-auxilio-brasil-de-fevereiro","status":"publish","type":"post","link":"https:\/\/pinews.com.br\/index.php\/2022\/02\/10\/governo-inclui-mais-556-mil-pessoas-no-auxilio-brasil-de-fevereiro\/","title":{"rendered":"Governo inclui mais 556 mil pessoas no Aux\u00edlio Brasil de fevereiro"},"content":{"rendered":"\n<p>O governo federal incluiu mais 556 mil pessoas no Aux\u00edlio Brasil de fevereiro, que come\u00e7a a ser pago na pr\u00f3xima segunda-feira (14). Com isso, o benef\u00edcio mensal de R$ 400 passa a contemplar 18 milh\u00f5es de fam\u00edlias. Segundo o Minist\u00e9rio da Cidadania, o investimento neste m\u00eas supera  R$ 7,3 bilh\u00f5es.<\/p>\n\n\n\n<p>Os pagamentos seguem o calend\u00e1rio habitual do programa, de acordo com o NIS (N\u00famero de Identifica\u00e7\u00e3o Social). As transfer\u00eancias v\u00e3o de 14 a 25 de fevereiro, sempre nos dias \u00fateis.<\/p>\n\n\n\n<p>As fam\u00edlias inclu\u00eddas em fevereiro j\u00e1 come\u00e7aram a receber as notifica\u00e7\u00f5es, mas a mensagem informa um valor parcial, pois a folha ainda est\u00e1 em processamento. Os valores totais, incluindo o Benef\u00edcio Extraordin\u00e1rio, que elevou o valor m\u00ednimo do Aux\u00edlio Brasil para R$ 400 at\u00e9 dezembro de 2022, s\u00f3 estar\u00e3o integralmente dispon\u00edveis nos canais de consulta a partir da pr\u00f3xima segunda-feira (14).<\/p>\n\n\n\n<h3>Calend\u00e1rio do Aux\u00edlio Brasil em fevereiro<\/h3>\n\n\n\n<p>NIS 1 \u2013 Recebe no dia: 14\/02<br>NIS 2 \u2013 Recebe no dia: 15\/02<br>NIS 3 \u2013 Recebe no dia: 15\/02<br>NIS 4 \u2013 Recebe no dia: 17\/02<br>NIS 5 \u2013 Recebe no dia: 18\/02<br>NIS 6 \u2013 Recebe no dia: 21\/02<br>NIS 7 \u2013 Recebe no dia: 22\/02<br>NIS 8 \u2013 Recebe no dia: 23\/02<br>NIS 9 \u2013 Recebe no dia: 24\/02<br>NIS 0 \u2013 Recebe no dia: 25\/02<\/p>\n\n\n\n<p>O Minist\u00e9rio da Cidadania destaca que, para conseguirem ser habilitadas no programa, as pessoas devem atender aos crit\u00e9rios de elegibilidade e ter os dados atualizados no Cad\u00danico (Cadastro \u00danico) nos \u00faltimos 24 meses. Al\u00e9m disso, as informa\u00e7\u00f5es no cadastro n\u00e3o podem ser divergentes de outras bases do governo federal.<\/p>\n\n\n\n<h3>Como receber o Aux\u00edlio Brasil?<\/h3>\n\n\n\n<p>O benef\u00edcio pode ser pago por meio de Poupan\u00e7a Social Digital, no aplicativo Caixa Tem, criado inicialmente para o aux\u00edlio emergencial, conta corrente de dep\u00f3sito \u00e0 vista, conta especial de dep\u00f3sito \u00e0 vista e conta cont\u00e1bil, que, de acordo com o Minist\u00e9rio da Cidadania, \u00e9 uma plataforma social do Aux\u00edlio Brasil. Esta \u00faltima op\u00e7\u00e3o s\u00f3 ocorre quando o benefici\u00e1rio n\u00e3o possui nenhuma das outras op\u00e7\u00f5es para recebimento. O saque pode ser feito com o cart\u00e3o do Bolsa Fam\u00edlia.<\/p>\n\n\n\n<h3>Quem tem direito ao Aux\u00edlio Brasil?<\/h3>\n\n\n\n<p>De acordo com a p\u00e1gina oficial do Programa no Minist\u00e9rio da Cidadania, as pessoas que t\u00eam direito ao Aux\u00edlio Brasil s\u00e3o:<\/p>\n\n\n\n<p>\u2013 Situa\u00e7\u00e3o de extrema pobreza, que possuem renda familiar mensal per capta de at\u00e9 R$ 105<\/p>\n\n\n\n<p>&#8211; Situa\u00e7\u00e3o de pobreza, que possuem renda familiar mensal per capta entre R$ 105 e R$ 210<\/p>\n\n\n\n<p>\u2013 Regra de emancipa\u00e7\u00e3o: fam\u00edlias que tiveram melhora na renda familiar, mas que a mesma n\u00e3o ultrapasse R$ 525. Neste caso, o benef\u00edcio seguir\u00e1 ativo por at\u00e9 24 meses. Para isso acontecer, \u00e9 necess\u00e1rio que haja na composi\u00e7\u00e3o familiar crian\u00e7as, jovens de at\u00e9 21 anos ou gestantes<\/p>\n\n\n\n<p>Os benefici\u00e1rios podem tirar d\u00favidas em tr\u00eas canais de atendimento. O n\u00famero 121, do Minist\u00e9rio da Cidadania, re\u00fane informa\u00e7\u00f5es e \u00e9 a central para den\u00fancias. O n\u00famero 111 \u00e9 o canal de Atendimento ao Cidad\u00e3o da Caixa e re\u00fane informa\u00e7\u00f5es sobre o cart\u00e3o e o saque do benef\u00edcio. Tamb\u00e9m \u00e9 poss\u00edvel acompanhar as principais informa\u00e7\u00f5es sobre o benef\u00edcio pelo aplicativo Aux\u00edlio Brasil.<\/p>\n\n\n\n<p><strong>Fonte: R7<\/strong><\/p>\n","protected":false},"excerpt":{"rendered":"<p>O governo federal incluiu mais 556 mil pessoas no Aux\u00edlio Brasil de fevereiro, que come\u00e7a a ser pago na pr\u00f3xima segunda-feira (14). Com isso, o benef\u00edcio mensal de R$ 400 passa a contemplar 18 milh\u00f5es de fam\u00edlias. Segundo o Minist\u00e9rio da Cidadania, o investimento neste m\u00eas supera R$ 7,3 bilh\u00f5es. Os pagamentos seguem o calend\u00e1rio [&hellip;]<\/p>\n","protected":false},"author":1,"featured_media":30805,"comment_status":"open","ping_status":"open","sticky":false,"template":"","format":"standard","meta":{"beyondwords_generate_audio":"","beyondwords_project_id":"","beyondwords_podcast_id":"","beyondwords_hash":"","beyondwords_error_message":"","beyondwords_disabled":"","publish_post_to_speechkit":"","speechkit_generate_audio":"","speechkit_project_id":"","speechkit_podcast_id":"","speechkit_hash":"","speechkit_error_message":"","speechkit_disabled":"","speechkit_access_key":"","speechkit_error":"","speechkit_info":"","speechkit_response":"","speechkit_retries":"","_speechkit_link":"","_speechkit_text":""},"categories":[516,134],"tags":[9859,2647,1093,44,1786,458,8325,76,109,259],"jetpack_featured_media_url":"","_links":{"self":[{"href":"https:\/\/pinews.com.br\/index.php\/wp-json\/wp\/v2\/posts\/30804"}],"collection":[{"href":"https:\/\/pinews.com.br\/index.php\/wp-json\/wp\/v2\/posts"}],"about":[{"href":"https:\/\/pinews.com.br\/index.php\/wp-json\/wp\/v2\/types\/post"}],"author":[{"embeddable":true,"href":"https:\/\/pinews.com.br\/index.php\/wp-json\/wp\/v2\/users\/1"}],"replies":[{"embeddable":true,"href":"https:\/\/pinews.com.br\/index.php\/wp-json\/wp\/v2\/comments?post=30804"}],"version-history":[{"count":0,"href":"https:\/\/pinews.com.br\/index.php\/wp-json\/wp\/v2\/posts\/30804\/revisions"}],"wp:featuredmedia":[{"embeddable":true,"href":"https:\/\/pinews.com.br\/index.php\/wp-json\/"}],"wp:attachment":[{"href":"https:\/\/pinews.com.br\/index.php\/wp-json\/wp\/v2\/media?parent=30804"}],"wp:term":[{"taxonomy":"category","embeddable":true,"href":"https:\/\/pinews.com.br\/index.php\/wp-json\/wp\/v2\/categories?post=30804"},{"taxonomy":"post_tag","embeddable":true,"href":"https:\/\/pinews.com.br\/index.php\/wp-json\/wp\/v2\/tags?post=30804"}],"curies":[{"name":"wp","href":"https:\/\/api.w.org\/{rel}","templated":true}]}}