{"id":30853,"date":"2022-02-11T17:23:14","date_gmt":"2022-02-11T20:23:14","guid":{"rendered":"https:\/\/pinews.com.br\/?p=30853"},"modified":"2022-02-11T17:23:14","modified_gmt":"2022-02-11T20:23:14","slug":"medico-piauiense-morre-ao-cair-de-predio-para-fugir-de-incendio-na-ba","status":"publish","type":"post","link":"https:\/\/pinews.com.br\/index.php\/2022\/02\/11\/medico-piauiense-morre-ao-cair-de-predio-para-fugir-de-incendio-na-ba\/","title":{"rendered":"M\u00e9dico piauiense morre ao cair de pr\u00e9dio para fugir de inc\u00eandio na BA"},"content":{"rendered":"\n<p>Um m\u00e9dico morreu depois de cair do terceiro andar de um pr\u00e9dio residencial no bairro da Barra, em Salvador, para escapar de um inc\u00eandio na madrugada desta sexta-feira (11). A v\u00edtima foi identificada como Bruno Raphael Matos Coelho, de 32 anos.<\/p>\n\n\n\n<p>Ele era natural do estado de Piau\u00ed e atuava como residente no hospital das Obras Sociais Irm\u00e3 Dulce (OSID), no Largo de Roma.<\/p>\n\n\n\n<p>O edif\u00edcio onde ocorreu o inc\u00eandio fica localizado na Rua Presidente Kennedy. As chamas iniciaram por volta das 2h30, no segundo andar, e rapidamente se alastraram para os pavimentos superiores, at\u00e9 terem sido controladas pelo Corpo de Bombeiros.<\/p>\n\n\n\n<figure class=\"wp-block-image\"><img decoding=\"async\" src=\"https:\/\/s2.glbimg.com\/qyNPaiVbH5qyECu10CzxyR0olmM=\/0x0:1700x1060\/984x0\/smart\/filters:strip_icc()\/i.s3.glbimg.com\/v1\/AUTH_59edd422c0c84a879bd37670ae4f538a\/internal_photos\/bs\/2022\/r\/r\/FF0VaxRJmW2R9PaGIEwA\/image.psd-44-.jpg\" alt=\"Im\u00f3vel na Barra foi atingido pro inc\u00eandio e homem morreu ao tentar fugir das chamas \u2014 Foto: Maria da Concei\u00e7\u00e3o Marinho\"\/><figcaption>Im\u00f3vel na Barra foi atingido pro inc\u00eandio e homem morreu ao tentar fugir das chamas \u2014 Foto: Maria da Concei\u00e7\u00e3o Marinho<\/figcaption><\/figure>\n\n\n\n<p>Segundo testemunhas, Bruno dormia no terceiro andar quando o inc\u00eandio atingiu o pr\u00e9dio e n\u00e3o percebeu o surgimento do fogo. Ele foi acordado por vizinhos e, no desespero para escapar, tentou sair do apartamento por uma janela e caiu na \u00e1rea da garagem do edif\u00edcio.<\/p>\n\n\n\n<p>Um morador, que preferiu n\u00e3o ser identificado, presenciou a a\u00e7\u00e3o e disse que ficou em choque com o que viu.<\/p>\n\n\n\n<p>&#8220;Os outros moradores come\u00e7aram a sair e ele, na certa, estava dormindo e n\u00e3o conseguiu. Quando ele saiu, tentou pular de um apartamento para outro, mas n\u00e3o deu. Foi uma coisa muito r\u00e1pida. Ele pediu socorro, perguntando o que fazer, se desequilibrou e caiu. Foi uma cena muito triste\u201d, comentou o homem.<\/p>\n\n\n\n<p>De acordo com o Corpo de Bombeiros, outras duas pessoas ficaram feridas. Elas foram levadas para o Hospital Portugu\u00eas, que tamb\u00e9m fica na Barra. N\u00e3o h\u00e1 informa\u00e7\u00f5es se elas estavam no im\u00f3vel que pegou fogo ou em outros apartamentos, nem detalhes sobre o estado de sa\u00fade delas.<\/p>\n\n\n\n<p>O delegado respons\u00e1vel pelas investiga\u00e7\u00f5es do caso, Pedro Andrade, disse que, por volta das 8h, a fam\u00edlia do m\u00e9dico ainda n\u00e3o tinha sido informada do ocorrido.<\/p>\n\n\n\n<p>Segundo ele, o inc\u00eandio pode ter come\u00e7ado ap\u00f3s um curto-circuito em um aparelho de ar-condicionado, o que ser\u00e1 confirmado somente ap\u00f3s a per\u00edcia. O delegado acrescentou que uma terceira pessoa ficou ferida, a s\u00edndica do pr\u00e9dio, que teve um problema no p\u00e9 durante a correria.<\/p>\n\n\n\n<p>Andrade pontuou que, segundo as apura\u00e7\u00f5es iniciais, o m\u00e9dico acordou assustado com o inc\u00eandio no andar inferior. Com os gritos dos vizinhos, o barulho e a fuma\u00e7a que invadiu o im\u00f3vel onde ele morava, Bruno tentou sair pela janela, trajando cueca e enrolado em um len\u00e7ol.<\/p>\n\n\n\n<p>O delegado lamentou a fatalidade e salientou a necessidade de tentar manter o controle emocional em momentos de p\u00e2nico para n\u00e3o agravar ainda mais situa\u00e7\u00f5es desse tipo.<\/p>\n\n\n\n<p>\u201c\u00c9 preciso a todo custo tentar controlar o emocional, procurar o equil\u00edbrio e ver o melhor caminho. N\u00e3o adianta precipita\u00e7\u00f5es. Cada ser humano reage \u00e0 sua pr\u00f3pria maneira. Uns se precipitam, outro s\u00e3o mais cautelosos. Mas \u00e9 necess\u00e1rio que as pessoas se conscientizem [em situa\u00e7\u00f5es como essa]\u201d, comentou.<\/p>\n\n\n\n<figure class=\"wp-block-image\"><img decoding=\"async\" src=\"https:\/\/s2.glbimg.com\/fxO5lIyYO7WQtN4zk0dBHoVY9QQ=\/0x123:662x865\/984x0\/smart\/filters:strip_icc()\/i.s3.glbimg.com\/v1\/AUTH_59edd422c0c84a879bd37670ae4f538a\/internal_photos\/bs\/2022\/z\/c\/JgFh3hT1WPmjAwu5p4jg\/image.psd-45-.jpg\" alt=\"Bruno Raphael Coelho era natural do Piau\u00ed \u2014 Foto: Arquivo pessoal\"\/><figcaption>Bruno Raphael Coelho era natural do Piau\u00ed \u2014 Foto: Arquivo pessoal<\/figcaption><\/figure>\n\n\n\n<p>Agentes da Pol\u00edcia Civil estiveram no local no in\u00edcio desta manh\u00e3 para fazer a per\u00edcia e a remo\u00e7\u00e3o do corpo da v\u00edtima, que at\u00e9 as 9h30 seguia no Instituto M\u00e9dico Legal.<\/p>\n\n\n\n<p>A Defesa Civil de Salvador (Codesal) realizou vistoria no apartamento atingido pelo inc\u00eandio. Segundo o laudo t\u00e9cnico do \u00f3rg\u00e3o, n\u00e3o houve danos na estrutura do pr\u00e9dio. O caso ser\u00e1 investigado pela 14\u00aa Delegacia Territorial, no bairro da Barra.<\/p>\n\n\n\n<p><strong>Fonte: G1 BA<\/strong><\/p>\n","protected":false},"excerpt":{"rendered":"<p>Um m\u00e9dico morreu depois de cair do terceiro andar de um pr\u00e9dio residencial no bairro da Barra, em Salvador, para escapar de um inc\u00eandio na madrugada desta sexta-feira (11). A v\u00edtima foi identificada como Bruno Raphael Matos Coelho, de 32 anos. Ele era natural do estado de Piau\u00ed e atuava como residente no hospital das [&hellip;]<\/p>\n","protected":false},"author":1,"featured_media":30854,"comment_status":"open","ping_status":"open","sticky":false,"template":"","format":"standard","meta":{"beyondwords_generate_audio":"","beyondwords_project_id":"","beyondwords_podcast_id":"","beyondwords_hash":"","beyondwords_error_message":"","beyondwords_disabled":"","publish_post_to_speechkit":"","speechkit_generate_audio":"","speechkit_project_id":"","speechkit_podcast_id":"","speechkit_hash":"","speechkit_error_message":"","speechkit_disabled":"","speechkit_access_key":"","speechkit_error":"","speechkit_info":"","speechkit_response":"","speechkit_retries":"","_speechkit_link":"","_speechkit_text":""},"categories":[134],"tags":[132,9862,353,44,73,547,940,119,91,350,511,5926],"jetpack_featured_media_url":"","_links":{"self":[{"href":"https:\/\/pinews.com.br\/index.php\/wp-json\/wp\/v2\/posts\/30853"}],"collection":[{"href":"https:\/\/pinews.com.br\/index.php\/wp-json\/wp\/v2\/posts"}],"about":[{"href":"https:\/\/pinews.com.br\/index.php\/wp-json\/wp\/v2\/types\/post"}],"author":[{"embeddable":true,"href":"https:\/\/pinews.com.br\/index.php\/wp-json\/wp\/v2\/users\/1"}],"replies":[{"embeddable":true,"href":"https:\/\/pinews.com.br\/index.php\/wp-json\/wp\/v2\/comments?post=30853"}],"version-history":[{"count":0,"href":"https:\/\/pinews.com.br\/index.php\/wp-json\/wp\/v2\/posts\/30853\/revisions"}],"wp:featuredmedia":[{"embeddable":true,"href":"https:\/\/pinews.com.br\/index.php\/wp-json\/"}],"wp:attachment":[{"href":"https:\/\/pinews.com.br\/index.php\/wp-json\/wp\/v2\/media?parent=30853"}],"wp:term":[{"taxonomy":"category","embeddable":true,"href":"https:\/\/pinews.com.br\/index.php\/wp-json\/wp\/v2\/categories?post=30853"},{"taxonomy":"post_tag","embeddable":true,"href":"https:\/\/pinews.com.br\/index.php\/wp-json\/wp\/v2\/tags?post=30853"}],"curies":[{"name":"wp","href":"https:\/\/api.w.org\/{rel}","templated":true}]}}