{"id":30867,"date":"2022-02-12T10:59:13","date_gmt":"2022-02-12T13:59:13","guid":{"rendered":"https:\/\/pinews.com.br\/?p=30867"},"modified":"2022-02-12T10:59:13","modified_gmt":"2022-02-12T13:59:13","slug":"auxilio-brasil-vale-gas-e-desconto-na-luz-da-tarifa-social-veja-se-e-possivel-receber-os-tres-beneficios","status":"publish","type":"post","link":"https:\/\/pinews.com.br\/index.php\/2022\/02\/12\/auxilio-brasil-vale-gas-e-desconto-na-luz-da-tarifa-social-veja-se-e-possivel-receber-os-tres-beneficios\/","title":{"rendered":"Aux\u00edlio Brasil, vale-g\u00e1s e desconto na luz da Tarifa Social: veja se \u00e9 poss\u00edvel receber os tr\u00eas benef\u00edcios"},"content":{"rendered":"\n<p>Desde janeiro, brasileiros de baixa renda contam com tr\u00eas programas sociais: o Aux\u00edlio Brasil, o vale-g\u00e1s e a Tarifa Social.<\/p>\n\n\n\n<p>Desses tr\u00eas, o que abrange o maior n\u00famero de pessoas \u00e9 a Tarifa Social, que d\u00e1 descontos na conta de luz.<\/p>\n\n\n\n<p>O Aux\u00edlio Brasil, que substituiu o Bolsa Fam\u00edlia em novembro do ano passado, ampliou a base de benefici\u00e1rios em janeiro e fevereiro. J\u00e1 o vale-g\u00e1s, que paga metade do valor do botij\u00e3o de 13 kg, come\u00e7ou a ser pago em janeiro para um n\u00famero menor de benefici\u00e1rios e deve ampliar essa base gradualmente.<\/p>\n\n\n\n<p><strong>Veja abaixo o n\u00famero de brasileiros contemplados em cada programa:<\/strong><\/p>\n\n\n\n<ul><li><strong>Aux\u00edlio Brasil:<\/strong> 18 milh\u00f5es<\/li><li><strong>Vale-g\u00e1s:<\/strong> 5,5 milh\u00f5es (previs\u00e3o \u00e9 de chegar a 22 milh\u00f5es at\u00e9 setembro de 2023)<\/li><li><strong>Tarifa Social:<\/strong> 23,7 milh\u00f5es<\/li><\/ul>\n\n\n\n<p><strong>Mas \u00e9 poss\u00edvel uma pessoa receber os tr\u00eas programas sociais ao mesmo tempo?<\/strong>&nbsp;De acordo com o governo, a resposta \u00e9 sim. A raz\u00e3o \u00e9 que todos esses programas usam o Cadastro \u00danico como crit\u00e9rio de sele\u00e7\u00e3o.<\/p>\n\n\n\n<p>Ou seja, se o cidad\u00e3o atender aos requisitos de todos os programas, poder\u00e1 acumular os tr\u00eas benef\u00edcios de uma s\u00f3 vez.<\/p>\n\n\n\n<p><strong>Veja abaixo como os programas selecionam os benefici\u00e1rios:<\/strong><\/p>\n\n\n\n<ul><li><strong>Aux\u00edlio Brasil: <\/strong>usa a base de dados do Cadastro \u00danico<\/li><li><strong>Vale-g\u00e1s:<\/strong> usa a base de dados do Cadastro \u00danico e do Benef\u00edcio de Presta\u00e7\u00e3o Continuada (BPC)<\/li><li><strong>Tarifa Social:<\/strong> usa a base de dados do Cadastro \u00danico e BPC<\/li><\/ul>\n\n\n\n<h2><strong>Requisitos de cada programa<\/strong><\/h2>\n\n\n\n<h2><strong>Aux\u00edlio Brasil<\/strong><\/h2>\n\n\n\n<ul><li>\u00c9 necess\u00e1rio que a fam\u00edlia esteja inscrita no Cadastro \u00danico para Programas Sociais do Governo Federal e tenha atualizado seus dados cadastrais nos \u00faltimos 2 anos.<\/li><li>Fam\u00edlias em situa\u00e7\u00e3o de extrema pobreza (renda familiar mensal per capita de at\u00e9 R$ 105), mesmo que n\u00e3o tenham gestantes, crian\u00e7as ou adolescentes em sua composi\u00e7\u00e3o.<\/li><li>Fam\u00edlias em situa\u00e7\u00e3o de pobreza (renda familiar mensal per capita entre R$ 105,01 e R$ 210) que tenham, em sua composi\u00e7\u00e3o, gestantes, nutrizes (m\u00e3es que amamentam), crian\u00e7as, adolescentes e jovens entre 0 e 21 anos incompletos.<\/li><\/ul>\n\n\n\n<h2><strong>Vale-g\u00e1s<\/strong><\/h2>\n\n\n\n<ul><li>Fam\u00edlias inscritas no Cadastro \u00danico para Programas Sociais do governo federal (Cad\u00danico), com renda familiar mensal per capita menor ou igual a meio sal\u00e1rio m\u00ednimo nacional (R$ 606);<\/li><li>Fam\u00edlias que tenham entre seus membros residentes no mesmo domic\u00edlio quem receba o Benef\u00edcio de Presta\u00e7\u00e3o Continuada da assist\u00eancia social, o BPC, que prev\u00ea um sal\u00e1rio m\u00ednimo mensal (R$ 1.212) \u00e0 pessoa com defici\u00eancia e ao idoso com 65 anos ou mais que comprovem n\u00e3o possuir meios de prover a pr\u00f3pria manuten\u00e7\u00e3o nem a fam\u00edlia.<\/li><li>A lei estabelece que o aux\u00edlio ser\u00e1 concedido &#8220;preferencialmente \u00e0s fam\u00edlias com mulheres v\u00edtimas de viol\u00eancia dom\u00e9stica que estejam sob o monitoramento de medidas protetivas de urg\u00eancia&#8221;.<\/li><\/ul>\n\n\n\n<h2><strong>Tarifa social<\/strong><\/h2>\n\n\n\n<ul><li>Fam\u00edlias inscritas no Cadastro \u00danico com renda familiar per capita menor ou igual a meio sal\u00e1rio m\u00ednimo (R$ 606);<\/li><li>Idosos com 65 anos ou mais ou pessoas com defici\u00eancia, que recebam o Benef\u00edcio de Presta\u00e7\u00e3o Continuada da Assist\u00eancia Social (BPC);<\/li><li>Fam\u00edlias inscritas no Cadastro \u00danico com renda mensal de at\u00e9 3 sal\u00e1rios m\u00ednimos (R$ 3.636), que tenham no domic\u00edlio portador de doen\u00e7a ou defici\u00eancia (f\u00edsica, motora, auditiva, visual, intelectual e m\u00faltipla) cujo tratamento, procedimento m\u00e9dico ou terap\u00eautico exija o uso continuado de aparelhos, equipamentos ou instrumentos que, para o seu funcionamento, demandem consumo de energia el\u00e9trica.<\/li><\/ul>\n\n\n\n<h2><strong>Pagamentos<\/strong><\/h2>\n\n\n\n<p>Os tr\u00eas programas t\u00eam formas e valores diferentes de pagamento aos benefici\u00e1rios. Veja abaixo:<\/p>\n\n\n\n<p><strong>Aux\u00edlio Brasil<\/strong><\/p>\n\n\n\n<p>Os antigos benefici\u00e1rios do Bolsa Fam\u00edlia podem continuar usando os cart\u00f5es e senhas utilizados para saque do benef\u00edcio que foi substitu\u00eddo pelo Aux\u00edlio Brasil. J\u00e1 os novos benefici\u00e1rios que entraram no programa em janeiro est\u00e3o recebendo o novo cart\u00e3o Aux\u00edlio Brasil e podem fazer os saques com ele.<\/p>\n\n\n\n<p>O benef\u00edcio poder\u00e1 ser movimentado ainda pelo Caixa Tem \u2013 mesmo aplicativo usado para recebimento do Aux\u00edlio Emergencial. Assim, n\u00e3o \u00e9 necess\u00e1rio ir \u00e0s ag\u00eancias da Caixa.<\/p>\n\n\n\n<p>Para saber em que dia o benef\u00edcio fica dispon\u00edvel para saque ou cr\u00e9dito em conta, a fam\u00edlia deve observar o \u00faltimo d\u00edgito do N\u00famero de Identifica\u00e7\u00e3o Social (NIS), impresso no cart\u00e3o de cada titular. Para cada final do NIS h\u00e1 uma data correspondente. Veja calend\u00e1rio:<\/p>\n\n\n\n<figure class=\"wp-block-image size-large\"><img decoding=\"async\" src=\"https:\/\/pinews.com.br\/wp-content\/uploads\/2022\/02\/7bfaj-datas-de-pagamento-do-aux-lio-brasil-em-2022.jpeg\" alt=\"\" class=\"wp-image-30868\"\/><figcaption>Calend\u00e1rio de pagamentos do Aux\u00edlio Brasil em 2022 \u2014 Foto: Economia\/g1<\/figcaption><\/figure>\n\n\n\n<p>As parcelas mensais do Aux\u00edlio Brasil ficam dispon\u00edveis para saque por 120 dias ap\u00f3s a data indicada no calend\u00e1rio.<\/p>\n\n\n\n<p>O valor passou para o m\u00ednimo de R$ 400 entre dezembro deste ano e dezembro de 2022.<\/p>\n\n\n\n<p><strong>Vale-g\u00e1s<\/strong><\/p>\n\n\n\n<p>O pagamento come\u00e7ou em 18 de janeiro para fam\u00edlias que fazem parte do Aux\u00edlio Brasil. Assim, esse pagamento \u00e9 feito dentro do mesmo cronograma, levando em conta o \u00faltimo d\u00edgito do N\u00famero de Identifica\u00e7\u00e3o Social (NIS). Mas, como o pagamento \u00e9 bimestral, os demais meses de pagamento ser\u00e3o mar\u00e7o, maio, julho, setembro e novembro.<\/p>\n\n\n\n<figure class=\"wp-block-image\"><img decoding=\"async\" src=\"https:\/\/s2.glbimg.com\/Va_zOLxRSadXaGMFf5aaAZu50_c=\/0x0:1340x1228\/1008x0\/smart\/filters:strip_icc()\/i.s3.glbimg.com\/v1\/AUTH_59edd422c0c84a879bd37670ae4f538a\/internal_photos\/bs\/2022\/A\/7\/qRswABTLKjGxjBruIqxA\/kdgqg-calend-rio-de-pagamentos-do-vale-g-s-em-2022.png\" alt=\"Calend\u00e1rio de pagamentos do vale-g\u00e1s em 2022 \u2014 Foto: Economia g1\"\/><figcaption>Calend\u00e1rio de pagamentos do vale-g\u00e1s em 2022 \u2014 Foto: Economia g1<\/figcaption><\/figure>\n\n\n\n<p>Os cart\u00f5es e senhas utilizados para o saque do Aux\u00edlio Brasil poder\u00e3o ser utilizados para o recebimento do vale-g\u00e1s. O saque poder\u00e1 ser feito nas lot\u00e9ricas, correspondentes Caixa Aqui e terminais de autoatendimento. O benef\u00edcio pode ainda ser pago em poupan\u00e7a social digital do Caixa Tem.<\/p>\n\n\n\n<p>O benefici\u00e1rio ter\u00e1 120 dias para fazer o saque a partir da data de disponibiliza\u00e7\u00e3o dos valores.<\/p>\n\n\n\n<p>O valor pago corresponde a 50% do pre\u00e7o m\u00e9dio nacional de revenda do botij\u00e3o de 13 kg, que em janeiro ficou estabelecido em R$ 52.<\/p>\n\n\n\n<p><strong>Tarifa social<\/strong><\/p>\n\n\n\n<p>O desconto da tarifa social \u00e9 dado de acordo com o consumo mensal de cada fam\u00edlia, que varia de 10% a 65%, at\u00e9 o limite de consumo de 220 kWh (quilowatts-hora por m\u00eas), conforme a tabela abaixo:<\/p>\n\n\n\n<p>A inclus\u00e3o das fam\u00edlias no programa passou a feita de forma autom\u00e1tica pelas distribuidoras em janeiro para quem est\u00e1 no Cadastro \u00danico ou recebe o Benef\u00edcio de Presta\u00e7\u00e3o Continuada (BPC).<\/p>\n\n\n\n<p>Ou seja, os consumidores n\u00e3o precisar\u00e3o procurar as distribuidoras para requerer o desconto na conta de luz. Esse abatimento vir\u00e1 autom\u00e1tico para as fam\u00edlias que estejam enquadradas nos requisitos.<\/p>\n\n\n\n<p>Mas, para manter o benef\u00edcio, \u00e9 preciso deixar as informa\u00e7\u00f5es sempre atualizadas dentro dos programas sociais.<\/p>\n\n\n\n<p><strong>Fonte: G1<\/strong><\/p>\n","protected":false},"excerpt":{"rendered":"<p>Desde janeiro, brasileiros de baixa renda contam com tr\u00eas programas sociais: o Aux\u00edlio Brasil, o vale-g\u00e1s e a Tarifa Social. Desses tr\u00eas, o que abrange o maior n\u00famero de pessoas \u00e9 a Tarifa Social, que d\u00e1 descontos na conta de luz. O Aux\u00edlio Brasil, que substituiu o Bolsa Fam\u00edlia em novembro do ano passado, ampliou [&hellip;]<\/p>\n","protected":false},"author":1,"featured_media":19890,"comment_status":"open","ping_status":"open","sticky":false,"template":"","format":"standard","meta":{"beyondwords_generate_audio":"","beyondwords_project_id":"","beyondwords_podcast_id":"","beyondwords_hash":"","beyondwords_error_message":"","beyondwords_disabled":"","publish_post_to_speechkit":"","speechkit_generate_audio":"","speechkit_project_id":"","speechkit_podcast_id":"","speechkit_hash":"","speechkit_error_message":"","speechkit_disabled":"","speechkit_access_key":"","speechkit_error":"","speechkit_info":"","speechkit_response":"","speechkit_retries":"","_speechkit_link":"","_speechkit_text":""},"categories":[134],"tags":[2647,6116,1093,122,6396,72,5792,91,974,9120,779,129,5857,6808,239,9480,425],"jetpack_featured_media_url":"","_links":{"self":[{"href":"https:\/\/pinews.com.br\/index.php\/wp-json\/wp\/v2\/posts\/30867"}],"collection":[{"href":"https:\/\/pinews.com.br\/index.php\/wp-json\/wp\/v2\/posts"}],"about":[{"href":"https:\/\/pinews.com.br\/index.php\/wp-json\/wp\/v2\/types\/post"}],"author":[{"embeddable":true,"href":"https:\/\/pinews.com.br\/index.php\/wp-json\/wp\/v2\/users\/1"}],"replies":[{"embeddable":true,"href":"https:\/\/pinews.com.br\/index.php\/wp-json\/wp\/v2\/comments?post=30867"}],"version-history":[{"count":0,"href":"https:\/\/pinews.com.br\/index.php\/wp-json\/wp\/v2\/posts\/30867\/revisions"}],"wp:featuredmedia":[{"embeddable":true,"href":"https:\/\/pinews.com.br\/index.php\/wp-json\/"}],"wp:attachment":[{"href":"https:\/\/pinews.com.br\/index.php\/wp-json\/wp\/v2\/media?parent=30867"}],"wp:term":[{"taxonomy":"category","embeddable":true,"href":"https:\/\/pinews.com.br\/index.php\/wp-json\/wp\/v2\/categories?post=30867"},{"taxonomy":"post_tag","embeddable":true,"href":"https:\/\/pinews.com.br\/index.php\/wp-json\/wp\/v2\/tags?post=30867"}],"curies":[{"name":"wp","href":"https:\/\/api.w.org\/{rel}","templated":true}]}}