{"id":30877,"date":"2022-02-12T17:21:55","date_gmt":"2022-02-12T20:21:55","guid":{"rendered":"https:\/\/pinews.com.br\/?p=30877"},"modified":"2022-02-12T17:21:55","modified_gmt":"2022-02-12T20:21:55","slug":"greco-faz-operacao-no-piaui-e-prende-16-pessoas-ligadas-a-faccoes-criminosas","status":"publish","type":"post","link":"https:\/\/pinews.com.br\/index.php\/2022\/02\/12\/greco-faz-operacao-no-piaui-e-prende-16-pessoas-ligadas-a-faccoes-criminosas\/","title":{"rendered":"Greco faz opera\u00e7\u00e3o no Piau\u00ed e prende 16 pessoas ligadas a fac\u00e7\u00f5es criminosas"},"content":{"rendered":"\n<p>Policiais do Grupo de Repress\u00e3o ao Crime Organizado (Greco), da Pol\u00edcia Civil, prenderam 16 pessoas e apreenderam um adolescente durante opera\u00e7\u00e3o realizada na manh\u00e3 deste s\u00e1bado (12) na regi\u00e3o de Parna\u00edba, distante 337 km de Teresina.<\/p>\n\n\n\n<p>De acordo com a Pol\u00edcia Civil foram cumpridos 13 mandados de pris\u00e3o e um de apreens\u00e3o contra um menor de idade. Tamb\u00e9m foram realizadas 3 pris\u00f5es em flagrante. Todos os mandados foram expedidos pela 2\u00aa Vara Criminal de Parna\u00edba.<\/p>\n\n\n\n<p>Dos 13 mandados, 6 foram contra pessoas que j\u00e1 estavam presas. Tamb\u00e9m foi cumprido um mandado contra um foragido da justi\u00e7a de Buriti dos Lopes.<\/p>\n\n\n\n<p>Tr\u00eas pessoas tamb\u00e9m foram presas em flagrante por tr\u00e1fico de drogas e porte ilegal de arma de fogo.<\/p>\n\n\n\n<p>Segundo o delegado Tales Gomes, todos os presos s\u00e3o envolvidos com o tr\u00e1fico de drogas e fazem parte de fac\u00e7\u00f5es criminosas que atuam no litoral do Piau\u00ed.<\/p>\n\n\n\n<p>A opera\u00e7\u00e3o teve participa\u00e7\u00e3o do Greco, Core, GPE, Delegacia Regional de Parna\u00edba e GTP da Secret\u00e1ria de Justi\u00e7a com apoio operacional da N\u00facleo de Opera\u00e7\u00f5es com C\u00e3es da PRF.<\/p>\n\n\n\n<p><strong>Fonte: B\u00e1rbara Rodrigues\/ Cidade Verde<\/strong><\/p>\n","protected":false},"excerpt":{"rendered":"<p>Policiais do Grupo de Repress\u00e3o ao Crime Organizado (Greco), da Pol\u00edcia Civil, prenderam 16 pessoas e apreenderam um adolescente durante opera\u00e7\u00e3o realizada na manh\u00e3 deste s\u00e1bado (12) na regi\u00e3o de Parna\u00edba, distante 337 km de Teresina. De acordo com a Pol\u00edcia Civil foram cumpridos 13 mandados de pris\u00e3o e um de apreens\u00e3o contra um menor [&hellip;]<\/p>\n","protected":false},"author":1,"featured_media":30878,"comment_status":"open","ping_status":"open","sticky":false,"template":"","format":"standard","meta":{"beyondwords_generate_audio":"","beyondwords_project_id":"","beyondwords_podcast_id":"","beyondwords_hash":"","beyondwords_error_message":"","beyondwords_disabled":"","publish_post_to_speechkit":"","speechkit_generate_audio":"","speechkit_project_id":"","speechkit_podcast_id":"","speechkit_hash":"","speechkit_error_message":"","speechkit_disabled":"","speechkit_access_key":"","speechkit_error":"","speechkit_info":"","speechkit_response":"","speechkit_retries":"","_speechkit_link":"","_speechkit_text":""},"categories":[51,78],"tags":[175,7867,7868,963,5907,9209,383,259,52,112],"jetpack_featured_media_url":"","_links":{"self":[{"href":"https:\/\/pinews.com.br\/index.php\/wp-json\/wp\/v2\/posts\/30877"}],"collection":[{"href":"https:\/\/pinews.com.br\/index.php\/wp-json\/wp\/v2\/posts"}],"about":[{"href":"https:\/\/pinews.com.br\/index.php\/wp-json\/wp\/v2\/types\/post"}],"author":[{"embeddable":true,"href":"https:\/\/pinews.com.br\/index.php\/wp-json\/wp\/v2\/users\/1"}],"replies":[{"embeddable":true,"href":"https:\/\/pinews.com.br\/index.php\/wp-json\/wp\/v2\/comments?post=30877"}],"version-history":[{"count":0,"href":"https:\/\/pinews.com.br\/index.php\/wp-json\/wp\/v2\/posts\/30877\/revisions"}],"wp:featuredmedia":[{"embeddable":true,"href":"https:\/\/pinews.com.br\/index.php\/wp-json\/"}],"wp:attachment":[{"href":"https:\/\/pinews.com.br\/index.php\/wp-json\/wp\/v2\/media?parent=30877"}],"wp:term":[{"taxonomy":"category","embeddable":true,"href":"https:\/\/pinews.com.br\/index.php\/wp-json\/wp\/v2\/categories?post=30877"},{"taxonomy":"post_tag","embeddable":true,"href":"https:\/\/pinews.com.br\/index.php\/wp-json\/wp\/v2\/tags?post=30877"}],"curies":[{"name":"wp","href":"https:\/\/api.w.org\/{rel}","templated":true}]}}