{"id":30883,"date":"2022-02-12T17:26:51","date_gmt":"2022-02-12T20:26:51","guid":{"rendered":"https:\/\/pinews.com.br\/?p=30883"},"modified":"2022-02-12T17:26:51","modified_gmt":"2022-02-12T20:26:51","slug":"carreta-com-helice-de-torre-eolica-tomba-e-interdita-a-br-316-em-picos","status":"publish","type":"post","link":"https:\/\/pinews.com.br\/index.php\/2022\/02\/12\/carreta-com-helice-de-torre-eolica-tomba-e-interdita-a-br-316-em-picos\/","title":{"rendered":"Carreta com h\u00e9lice de torre e\u00f3lica tomba e interdita a BR-316 em Picos"},"content":{"rendered":"\n<p>Uma carreta transportando uma h\u00e9lice de torre e\u00f3lica tombou na manh\u00e3 deste s\u00e1bado (12), interditando o tr\u00e1fego de ve\u00edculos na BR-316, em Picos. O acidente, de acordo com a Pol\u00edcia Rodovi\u00e1ria Federal (PRF), aconteceu por volta das 09h40, no Km 332, entroncamento com a BR-020 (km 328).<\/p>\n\n\n\n<p>Segundo a PRF, a carreta estava sendo conduzida por um homem de 42 anos que n\u00e3o teve ferimentos.<\/p>\n\n\n\n<p>O acidente interditou totalmente a estrada, sem desvio proposto, com possibilidade de passagem apenas para motocicletas. N\u00e3o h\u00e1 previs\u00e3o de libera\u00e7\u00e3o da rodovia.<\/p>\n\n\n\n<p>Policiais est\u00e3o no local sinalizando a rodovia. De acordo com a PRF, a empresa respons\u00e1vel pelo transporte da carga j\u00e1 foi acionada.<\/p>\n\n\n\n<p><strong>Desvios<\/strong><\/p>\n\n\n\n<p>A rodovia at\u00e9 o momento segue sem previs\u00e3o de libera\u00e7\u00e3o. Por conta disso, a PRF orienta que condutores que usam a BR como meio para seu destino, utilizem os seguintes desvios:&nbsp;<\/p>\n\n\n\n<ul><li>BR 020, sentido a Picos\/PI:<br>Entra na Cidade de Santo Ant\u00f4nio de Lisboa\/PI &#8211; 13Km de estrada de ch\u00e3o at\u00e9 Boca\u00edna\/PI &#8211; 22 Km de asfalto at\u00e9 Picos\/PI;<\/li><li>BR 020, do Cear\u00e1 sentido ao Pernambuco, para a cessar a BR 316:<br>Entra em Monsenhor Hip\u00f3lito\/PI &#8211; sentido a Campo Grande do Piau\u00ed &#8211; BR 316:<\/li><li>BR 316, de Alegrete do Piau\u00ed\/PI sentido Picos\/PI:<br>Em Campo Grande do Piau\u00ed\/PI &#8211; entra \u00e0 esquerda para Ja\u00edcos\/PI &#8211; segue pela BR 407 &#8211; Picos\/PI.<\/li><\/ul>\n\n\n\n<figure class=\"wp-block-embed-youtube wp-block-embed is-type-video is-provider-youtube wp-embed-aspect-16-9 wp-has-aspect-ratio\"><div class=\"wp-block-embed__wrapper\">\n<iframe loading=\"lazy\" title=\"Carreta com h\u00e9lice de torre e\u00f3lica tomba e interdita a BR-316 em Picos\" width=\"1170\" height=\"658\" src=\"https:\/\/www.youtube.com\/embed\/hGqhAHmK3o4?feature=oembed\" frameborder=\"0\" allow=\"accelerometer; autoplay; clipboard-write; encrypted-media; gyroscope; picture-in-picture; web-share\" allowfullscreen><\/iframe>\n<\/div><\/figure>\n\n\n\n<p><strong>Fonte: H\u00e9rlon Moraes\/ Cidade Verde<\/strong><\/p>\n","protected":false},"excerpt":{"rendered":"<p>Uma carreta transportando uma h\u00e9lice de torre e\u00f3lica tombou na manh\u00e3 deste s\u00e1bado (12), interditando o tr\u00e1fego de ve\u00edculos na BR-316, em Picos. O acidente, de acordo com a Pol\u00edcia Rodovi\u00e1ria Federal (PRF), aconteceu por volta das 09h40, no Km 332, entroncamento com a BR-020 (km 328). Segundo a PRF, a carreta estava sendo conduzida [&hellip;]<\/p>\n","protected":false},"author":1,"featured_media":30884,"comment_status":"open","ping_status":"open","sticky":false,"template":"","format":"standard","meta":{"beyondwords_generate_audio":"","beyondwords_project_id":"","beyondwords_podcast_id":"","beyondwords_hash":"","beyondwords_error_message":"","beyondwords_disabled":"","publish_post_to_speechkit":"","speechkit_generate_audio":"","speechkit_project_id":"","speechkit_podcast_id":"","speechkit_hash":"","speechkit_error_message":"","speechkit_disabled":"","speechkit_access_key":"","speechkit_error":"","speechkit_info":"","speechkit_response":"","speechkit_retries":"","_speechkit_link":"","_speechkit_text":""},"categories":[124,51,126],"tags":[298,448,44,46,6484,9464,5674,125,417,292],"jetpack_featured_media_url":"","_links":{"self":[{"href":"https:\/\/pinews.com.br\/index.php\/wp-json\/wp\/v2\/posts\/30883"}],"collection":[{"href":"https:\/\/pinews.com.br\/index.php\/wp-json\/wp\/v2\/posts"}],"about":[{"href":"https:\/\/pinews.com.br\/index.php\/wp-json\/wp\/v2\/types\/post"}],"author":[{"embeddable":true,"href":"https:\/\/pinews.com.br\/index.php\/wp-json\/wp\/v2\/users\/1"}],"replies":[{"embeddable":true,"href":"https:\/\/pinews.com.br\/index.php\/wp-json\/wp\/v2\/comments?post=30883"}],"version-history":[{"count":0,"href":"https:\/\/pinews.com.br\/index.php\/wp-json\/wp\/v2\/posts\/30883\/revisions"}],"wp:featuredmedia":[{"embeddable":true,"href":"https:\/\/pinews.com.br\/index.php\/wp-json\/"}],"wp:attachment":[{"href":"https:\/\/pinews.com.br\/index.php\/wp-json\/wp\/v2\/media?parent=30883"}],"wp:term":[{"taxonomy":"category","embeddable":true,"href":"https:\/\/pinews.com.br\/index.php\/wp-json\/wp\/v2\/categories?post=30883"},{"taxonomy":"post_tag","embeddable":true,"href":"https:\/\/pinews.com.br\/index.php\/wp-json\/wp\/v2\/tags?post=30883"}],"curies":[{"name":"wp","href":"https:\/\/api.w.org\/{rel}","templated":true}]}}