{"id":30904,"date":"2022-02-13T19:54:36","date_gmt":"2022-02-13T22:54:36","guid":{"rendered":"https:\/\/pinews.com.br\/?p=30904"},"modified":"2022-02-13T19:54:36","modified_gmt":"2022-02-13T22:54:36","slug":"cantor-morre-em-batida-entre-carro-e-carreta-na-br-101-acidente-deixou-outra-vitima","status":"publish","type":"post","link":"https:\/\/pinews.com.br\/index.php\/2022\/02\/13\/cantor-morre-em-batida-entre-carro-e-carreta-na-br-101-acidente-deixou-outra-vitima\/","title":{"rendered":"Cantor morre em batida entre carro e carreta na BR-101; acidente deixou outra v\u00edtima"},"content":{"rendered":"\n<p>Um acidente envolvendo um carro e uma carreta deixou dois mortos no km 284 da BR-101, na madrugada deste domingo (13), no trecho urbano da zona rural de Laje, munic\u00edpio do Vale do Jiquiri\u00e7\u00e1.<\/p>\n\n\n\n<figure class=\"wp-block-image\"><img decoding=\"async\" src=\"https:\/\/s2.glbimg.com\/q0q9MbtuH30jhX5Y3GBMhgQiPNo=\/0x0:961x542\/984x0\/smart\/filters:strip_icc()\/i.s3.glbimg.com\/v1\/AUTH_59edd422c0c84a879bd37670ae4f538a\/internal_photos\/bs\/2022\/r\/3\/XFRrvGQlAE5U8QB28aAg\/whatsapp-image-2022-02-13-at-10.47.20.jpg\" alt=\"Cantor morre em batida entre carro e carreta na BR-101; acidente deixou outra v\u00edtima \u2014 Foto: Reprodu\u00e7\u00e3o\/Redes Sociais\"\/><figcaption>Cantor morre em batida entre carro e carreta na BR-101; acidente deixou outra v\u00edtima \u2014 Foto: Reprodu\u00e7\u00e3o\/Redes Sociais<\/figcaption><\/figure>\n\n\n\n<p>Uma das v\u00edtimas \u00e9 o cantor sertanejo Samuel Santos, que era vocalista da banda Xote dos Garotos. Ele voltava de um show quando aconteceu o acidente. De acordo com a Pol\u00edcia Rodovi\u00e1ria Federal (PRF), a segunda v\u00edtima estava no mesmo carro que Samuel.<\/p>\n\n\n\n<p>Ainda n\u00e3o h\u00e1 detalhes sobre as circunst\u00e2ncias que causaram o acidente. O caso foi registrado na delegacia de Laje, que fez a per\u00edcia e remo\u00e7\u00e3o dos ve\u00edculos. Testemunhas tamb\u00e9m foram ouvidas e o caso \u00e9 investigado.<\/p>\n\n\n\n<figure class=\"wp-block-image\"><img decoding=\"async\" src=\"https:\/\/s2.glbimg.com\/34dtwDEqyeEx9LMIa6Q8SVvCfi8=\/0x0:600x420\/984x0\/smart\/filters:strip_icc()\/i.s3.glbimg.com\/v1\/AUTH_59edd422c0c84a879bd37670ae4f538a\/internal_photos\/bs\/2022\/A\/B\/tyZMGlRv6r4COTwSI4lQ\/10.jpg\" alt=\"Cantor morre em batida entre carro e carreta na BR-101; acidente deixou outra v\u00edtima \u2014 Foto: Beatriz Lobo\/Voz da Bahia\"\/><figcaption>Cantor morre em batida entre carro e carreta na BR-101; acidente deixou outra v\u00edtima \u2014 Foto: Beatriz Lobo\/Voz da Bahia<\/figcaption><\/figure>\n\n\n\n<p>Nas redes sociais, amigos e f\u00e3s do trabalho de Samuel postaram mensagens de pesar. A banda Xote dos Garotos publicou uma mensagem de luto, agradeceu as ora\u00e7\u00f5es pelas v\u00edtimas.<\/p>\n\n\n\n<figure class=\"wp-block-image\"><img decoding=\"async\" src=\"https:\/\/s2.glbimg.com\/C8GlvMHbx1bzCvNt61rKSp32UYw=\/0x0:539x522\/984x0\/smart\/filters:strip_icc()\/i.s3.glbimg.com\/v1\/AUTH_59edd422c0c84a879bd37670ae4f538a\/internal_photos\/bs\/2022\/V\/m\/QArE3MRjmHvReDW58zRw\/whatsapp-image-2022-02-13-at-10.48.07.jpeg\" alt=\"Cantor morre em batida entre carro e carreta na BR-101; acidente deixou outra v\u00edtima \u2014 Foto: Reprodu\u00e7\u00e3o\/Redes Sociais\"\/><figcaption>Cantor morre em batida entre carro e carreta na BR-101; acidente deixou outra v\u00edtima \u2014 Foto: Reprodu\u00e7\u00e3o\/Redes Sociais<\/figcaption><\/figure>\n\n\n\n<p><strong>Fonte: G1 BA<\/strong><\/p>\n","protected":false},"excerpt":{"rendered":"<p>Um acidente envolvendo um carro e uma carreta deixou dois mortos no km 284 da BR-101, na madrugada deste domingo (13), no trecho urbano da zona rural de Laje, munic\u00edpio do Vale do Jiquiri\u00e7\u00e1. Uma das v\u00edtimas \u00e9 o cantor sertanejo Samuel Santos, que era vocalista da banda Xote dos Garotos. Ele voltava de um [&hellip;]<\/p>\n","protected":false},"author":1,"featured_media":30905,"comment_status":"open","ping_status":"open","sticky":false,"template":"","format":"standard","meta":{"beyondwords_generate_audio":"","beyondwords_project_id":"","beyondwords_podcast_id":"","beyondwords_hash":"","beyondwords_error_message":"","beyondwords_disabled":"","publish_post_to_speechkit":"","speechkit_generate_audio":"","speechkit_project_id":"","speechkit_podcast_id":"","speechkit_hash":"","speechkit_error_message":"","speechkit_disabled":"","speechkit_access_key":"","speechkit_error":"","speechkit_info":"","speechkit_response":"","speechkit_retries":"","_speechkit_link":"","_speechkit_text":""},"categories":[134],"tags":[176,9841,9870,1192,448,62,6788,46,178,119,91,555,285],"jetpack_featured_media_url":"","_links":{"self":[{"href":"https:\/\/pinews.com.br\/index.php\/wp-json\/wp\/v2\/posts\/30904"}],"collection":[{"href":"https:\/\/pinews.com.br\/index.php\/wp-json\/wp\/v2\/posts"}],"about":[{"href":"https:\/\/pinews.com.br\/index.php\/wp-json\/wp\/v2\/types\/post"}],"author":[{"embeddable":true,"href":"https:\/\/pinews.com.br\/index.php\/wp-json\/wp\/v2\/users\/1"}],"replies":[{"embeddable":true,"href":"https:\/\/pinews.com.br\/index.php\/wp-json\/wp\/v2\/comments?post=30904"}],"version-history":[{"count":0,"href":"https:\/\/pinews.com.br\/index.php\/wp-json\/wp\/v2\/posts\/30904\/revisions"}],"wp:featuredmedia":[{"embeddable":true,"href":"https:\/\/pinews.com.br\/index.php\/wp-json\/"}],"wp:attachment":[{"href":"https:\/\/pinews.com.br\/index.php\/wp-json\/wp\/v2\/media?parent=30904"}],"wp:term":[{"taxonomy":"category","embeddable":true,"href":"https:\/\/pinews.com.br\/index.php\/wp-json\/wp\/v2\/categories?post=30904"},{"taxonomy":"post_tag","embeddable":true,"href":"https:\/\/pinews.com.br\/index.php\/wp-json\/wp\/v2\/tags?post=30904"}],"curies":[{"name":"wp","href":"https:\/\/api.w.org\/{rel}","templated":true}]}}