{"id":30919,"date":"2022-02-14T11:02:09","date_gmt":"2022-02-14T14:02:09","guid":{"rendered":"https:\/\/pinews.com.br\/?p=30919"},"modified":"2022-02-14T11:02:09","modified_gmt":"2022-02-14T14:02:09","slug":"homem-se-assusta-com-assalto-e-e-morto-com-tiro-no-peito-no-piaui","status":"publish","type":"post","link":"https:\/\/pinews.com.br\/index.php\/2022\/02\/14\/homem-se-assusta-com-assalto-e-e-morto-com-tiro-no-peito-no-piaui\/","title":{"rendered":"Homem se assusta com assalto e \u00e9 morto com tiro no peito no Piau\u00ed"},"content":{"rendered":"\n<p>Um l\u00edder comunit\u00e1rio de 53 anos foi morto com um tiro no peito na tarde deste domingo (13) no conjunto Porto Alegre, zona Sul de Teresina. Amadeus Pereira de Sousa&nbsp;estava em uma pra\u00e7a na companhia de outras pessoas quando se assustou ap\u00f3s um assalto nas proximidades e acabou baleado pelos suspeitos.&nbsp;<\/p>\n\n\n\n<p>Segundo informa\u00e7\u00f5es do 17\u00ba Batalh\u00e3o da PM, dois homens em uma motocicleta fizeram um assalto nas proximidades e durante a fuga atiraram na dire\u00e7\u00e3o de um grupo de pessoas que teriam gritado &#8220;pega ladr\u00e3o&#8221;,para denunciar a a\u00e7\u00e3o criminosa. Amadeus se levantou no momento e acabou atingido pelo disparo.&nbsp;<\/p>\n\n\n\n<p>\u201cTrata-se de uma dupla de motoqueiros que fez um roubo nas proximidades e, ao passar pr\u00f3ximo desse grupo que estava sentado na pra\u00e7a, houve uma movimenta\u00e7\u00e3o e eles acabaram atirando contra esse grupo. Alguns deitaram no ch\u00e3o. A v\u00edtima levantou e, por coincid\u00eancia, veio a ser atingido com um tiro no peito\u201d, relatou o coordenador de policiamento do 17\u00ba BPM.&nbsp;<\/p>\n\n\n\n<p>Ap\u00f3s o disparo, a dupla de suspeitos fugiu do local. Os dois ainda n\u00e3o foram identificados pela Pol\u00edcia, que segue em buscas nas proximidades.&nbsp;<\/p>\n\n\n\n<p>Policiais do 17\u00ba Batalh\u00e3o isolaram a \u00e1rea para o trabalho dos peritos. O corpo foi recolhido pelo Instituto de Medicina Legal (IML).&nbsp;<\/p>\n\n\n\n<p>O caso ser\u00e1 investigado pelo Departamento de Homic\u00eddios e Prote\u00e7\u00e3o \u00e0 Pessoa (DHPP).&nbsp;<\/p>\n\n\n\n<p>No local do crime, familiares e amigos da v\u00edtima relataram que ele era uma pessoa pacata e que, provavelmente, se assustou ao ver a a\u00e7\u00e3o dos criminosos. Amadeus tamb\u00e9m trabalhava como vendedor. <\/p>\n\n\n\n<p><strong>Fonte: Natanael Souza\/ Cidade Verde<\/strong><\/p>\n","protected":false},"excerpt":{"rendered":"<p>Um l\u00edder comunit\u00e1rio de 53 anos foi morto com um tiro no peito na tarde deste domingo (13) no conjunto Porto Alegre, zona Sul de Teresina. Amadeus Pereira de Sousa&nbsp;estava em uma pra\u00e7a na companhia de outras pessoas quando se assustou ap\u00f3s um assalto nas proximidades e acabou baleado pelos suspeitos.&nbsp; Segundo informa\u00e7\u00f5es do 17\u00ba [&hellip;]<\/p>\n","protected":false},"author":1,"featured_media":30920,"comment_status":"open","ping_status":"open","sticky":false,"template":"","format":"standard","meta":{"beyondwords_generate_audio":"","beyondwords_project_id":"","beyondwords_podcast_id":"","beyondwords_hash":"","beyondwords_error_message":"","beyondwords_disabled":"","publish_post_to_speechkit":"","speechkit_generate_audio":"","speechkit_project_id":"","speechkit_podcast_id":"","speechkit_hash":"","speechkit_error_message":"","speechkit_disabled":"","speechkit_access_key":"","speechkit_error":"","speechkit_info":"","speechkit_response":"","speechkit_retries":"","_speechkit_link":"","_speechkit_text":""},"categories":[51,78,81],"tags":[356,6415,72,84,197,525,52,129,527],"jetpack_featured_media_url":"","_links":{"self":[{"href":"https:\/\/pinews.com.br\/index.php\/wp-json\/wp\/v2\/posts\/30919"}],"collection":[{"href":"https:\/\/pinews.com.br\/index.php\/wp-json\/wp\/v2\/posts"}],"about":[{"href":"https:\/\/pinews.com.br\/index.php\/wp-json\/wp\/v2\/types\/post"}],"author":[{"embeddable":true,"href":"https:\/\/pinews.com.br\/index.php\/wp-json\/wp\/v2\/users\/1"}],"replies":[{"embeddable":true,"href":"https:\/\/pinews.com.br\/index.php\/wp-json\/wp\/v2\/comments?post=30919"}],"version-history":[{"count":0,"href":"https:\/\/pinews.com.br\/index.php\/wp-json\/wp\/v2\/posts\/30919\/revisions"}],"wp:featuredmedia":[{"embeddable":true,"href":"https:\/\/pinews.com.br\/index.php\/wp-json\/"}],"wp:attachment":[{"href":"https:\/\/pinews.com.br\/index.php\/wp-json\/wp\/v2\/media?parent=30919"}],"wp:term":[{"taxonomy":"category","embeddable":true,"href":"https:\/\/pinews.com.br\/index.php\/wp-json\/wp\/v2\/categories?post=30919"},{"taxonomy":"post_tag","embeddable":true,"href":"https:\/\/pinews.com.br\/index.php\/wp-json\/wp\/v2\/tags?post=30919"}],"curies":[{"name":"wp","href":"https:\/\/api.w.org\/{rel}","templated":true}]}}