{"id":30947,"date":"2022-02-15T11:11:33","date_gmt":"2022-02-15T14:11:33","guid":{"rendered":"https:\/\/pinews.com.br\/?p=30947"},"modified":"2022-02-15T11:11:33","modified_gmt":"2022-02-15T14:11:33","slug":"jovem-de-sao-juliao-picado-por-cobra-cascavel-e-internado-no-hospital-regional-de-picos","status":"publish","type":"post","link":"https:\/\/pinews.com.br\/index.php\/2022\/02\/15\/jovem-de-sao-juliao-picado-por-cobra-cascavel-e-internado-no-hospital-regional-de-picos\/","title":{"rendered":"Jovem de S\u00e3o Juli\u00e3o picado por cobra cascavel \u00e9 internado no Hospital Regional de Picos"},"content":{"rendered":"\n<p>Um jovem da localidade Camaratuba, zona rural de S\u00e3o Juli\u00e3o \u2013 PI teve que ser internado \u00e0s pressas no Hospital Regional Justino Luz, em Picos \u2013 PI, ap\u00f3s ser picado por uma cobra da esp\u00e9cie cascavel.<\/p>\n\n\n\n<p>Segundo informa\u00e7\u00f5es repassadas ao Portal \u00c9 Not\u00edcias, ele sentiu fortes rea\u00e7\u00f5es e teve que ser tratado com soro antiof\u00eddico e passar por procedimentos de hidrata\u00e7\u00e3o.<\/p>\n\n\n\n<p>Familiares informaram que o jovem n\u00e3o corre o risco de morrer e aguarda ser liberado pelos m\u00e9dicos para continuar seu tratamento em casa.<\/p>\n\n\n\n<p><strong>Sobre a cascavel<\/strong><\/p>\n\n\n\n<p>A cascavel \u00e9 a segunda cobra mais venenosa encontrada no Brasil. Perde apenas para a coral-verdadeira. O veneno provoca no organismo a coagula\u00e7\u00e3o r\u00e1pida do sangue, causa les\u00f5es musculares graves, afeta o sistema nervoso e os rins.<\/p>\n\n\n\n<p><strong>O que fazer caso for picado<\/strong><\/p>\n\n\n\n<p>Em caso de picada de cobra, a orienta\u00e7\u00e3o \u00e9 observar as caracter\u00edsticas do animal. A cascavel, por exemplo, tem chocalho na cauda. \u00c9 recomendado tamb\u00e9m bater uma foto para informar o m\u00e9dico, que poder\u00e1 assim prescrever o soro adequado.<\/p>\n\n\n\n<p><strong>Fonte: Portal \u00c9 Not\u00edcias<\/strong><\/p>\n","protected":false},"excerpt":{"rendered":"<p>Um jovem da localidade Camaratuba, zona rural de S\u00e3o Juli\u00e3o \u2013 PI teve que ser internado \u00e0s pressas no Hospital Regional Justino Luz, em Picos \u2013 PI, ap\u00f3s ser picado por uma cobra da esp\u00e9cie cascavel. Segundo informa\u00e7\u00f5es repassadas ao Portal \u00c9 Not\u00edcias, ele sentiu fortes rea\u00e7\u00f5es e teve que ser tratado com soro antiof\u00eddico [&hellip;]<\/p>\n","protected":false},"author":1,"featured_media":30948,"comment_status":"open","ping_status":"open","sticky":false,"template":"","format":"standard","meta":{"beyondwords_generate_audio":"","beyondwords_project_id":"","beyondwords_podcast_id":"","beyondwords_hash":"","beyondwords_error_message":"","beyondwords_disabled":"","publish_post_to_speechkit":"","speechkit_generate_audio":"","speechkit_project_id":"","speechkit_podcast_id":"","speechkit_hash":"","speechkit_error_message":"","speechkit_disabled":"","speechkit_access_key":"","speechkit_error":"","speechkit_info":"","speechkit_response":"","speechkit_retries":"","_speechkit_link":"","_speechkit_text":""},"categories":[51,500],"tags":[9873,1336,44,72,339,5335,266,499,7549,125,59,5516,362],"jetpack_featured_media_url":"","_links":{"self":[{"href":"https:\/\/pinews.com.br\/index.php\/wp-json\/wp\/v2\/posts\/30947"}],"collection":[{"href":"https:\/\/pinews.com.br\/index.php\/wp-json\/wp\/v2\/posts"}],"about":[{"href":"https:\/\/pinews.com.br\/index.php\/wp-json\/wp\/v2\/types\/post"}],"author":[{"embeddable":true,"href":"https:\/\/pinews.com.br\/index.php\/wp-json\/wp\/v2\/users\/1"}],"replies":[{"embeddable":true,"href":"https:\/\/pinews.com.br\/index.php\/wp-json\/wp\/v2\/comments?post=30947"}],"version-history":[{"count":0,"href":"https:\/\/pinews.com.br\/index.php\/wp-json\/wp\/v2\/posts\/30947\/revisions"}],"wp:featuredmedia":[{"embeddable":true,"href":"https:\/\/pinews.com.br\/index.php\/wp-json\/"}],"wp:attachment":[{"href":"https:\/\/pinews.com.br\/index.php\/wp-json\/wp\/v2\/media?parent=30947"}],"wp:term":[{"taxonomy":"category","embeddable":true,"href":"https:\/\/pinews.com.br\/index.php\/wp-json\/wp\/v2\/categories?post=30947"},{"taxonomy":"post_tag","embeddable":true,"href":"https:\/\/pinews.com.br\/index.php\/wp-json\/wp\/v2\/tags?post=30947"}],"curies":[{"name":"wp","href":"https:\/\/api.w.org\/{rel}","templated":true}]}}