{"id":30951,"date":"2022-02-15T11:19:33","date_gmt":"2022-02-15T14:19:33","guid":{"rendered":"https:\/\/pinews.com.br\/?p=30951"},"modified":"2022-02-15T11:19:33","modified_gmt":"2022-02-15T14:19:33","slug":"menina-de-5-anos-recebe-vacina-vestida-de-enfermeira-em-homenagem-a-profissionais-da-saude-no-piaui","status":"publish","type":"post","link":"https:\/\/pinews.com.br\/index.php\/2022\/02\/15\/menina-de-5-anos-recebe-vacina-vestida-de-enfermeira-em-homenagem-a-profissionais-da-saude-no-piaui\/","title":{"rendered":"Menina de 5 anos recebe vacina vestida de enfermeira em homenagem a profissionais da sa\u00fade, no Piau\u00ed"},"content":{"rendered":"\n<p>A pequena Melyssa Maria, de cinco anos, tomou a primeira dose da vacina contra Covid-19 vestida de enfermeira na cidade de <a href=\"https:\/\/g1.globo.com\/pi\/piaui\/cidade\/parnaiba\/\">Parna\u00edba<\/a>, 339 km ao Norte de Teresina. De acordo com a m\u00e3e da pequena, Karina Ramos, ap\u00f3s completar cinco anos em dezembro, Melyssa ficou na expectativa pelo dia em que seria imunizada.<\/p>\n\n\n\n<p>A m\u00e3e contou tamb\u00e9m que, desde o come\u00e7o da pandemia, Melyssa foi instru\u00edda sobre os cuidados e as formas de preven\u00e7\u00e3o contra a doen\u00e7a, al\u00e9m da import\u00e2ncia da vacina\u00e7\u00e3o.<\/p>\n\n\n\n<blockquote class=\"wp-block-quote\"><p>\u201cEla sempre usa m\u00e1scara, lava as m\u00e3os, cuida da higiene direitinho, \u00e9 mais consciente do que muito adulto\u201d, contou a m\u00e3e.<\/p><\/blockquote>\n\n\n\n<p>Sobre a roupa, a m\u00e3e explicou que a ideia partiu da pr\u00f3pria crian\u00e7a, que tem v\u00e1rias fantasias de diferentes princesas, al\u00e9m da de enfermeira, e por saber da import\u00e2ncia dos profissionais de sa\u00fade, resolveu ir vestida de enfermeira como forma de homenagem.<\/p>\n\n\n\n<blockquote class=\"wp-block-quote\"><p>\u201cDiante da expectativa de ser imunizada, de receber a vacina, ela escolheu a fantasia da enfermeira por se tratar da \u00e1rea de sa\u00fade. Ela escolheu. Foi um sucesso com as enfermeiras e com os m\u00e9dicos\u201d ,explicou Karina.<\/p><\/blockquote>\n\n\n\n<p>A m\u00e3e tamb\u00e9m contou que brincar de m\u00e9dica e enfermeira est\u00e1 entre as brincadeiras preferidas de Melyssa, e as pacientes s\u00e3o as pr\u00f3prias bonecas.<\/p>\n\n\n\n<p>Karina falou tamb\u00e9m da import\u00e2ncia de explicar os assuntos s\u00e9rios de forma l\u00fadica para filha, que hoje tem consci\u00eancia da import\u00e2ncia de se cuidar para prevenir o cont\u00e1gio, al\u00e9m da vacina\u00e7\u00e3o.<\/p>\n\n\n\n<p><strong>Fonte: G1 PI<\/strong><\/p>\n","protected":false},"excerpt":{"rendered":"<p>A pequena Melyssa Maria, de cinco anos, tomou a primeira dose da vacina contra Covid-19 vestida de enfermeira na cidade de Parna\u00edba, 339 km ao Norte de Teresina. De acordo com a m\u00e3e da pequena, Karina Ramos, ap\u00f3s completar cinco anos em dezembro, Melyssa ficou na expectativa pelo dia em que seria imunizada. A m\u00e3e [&hellip;]<\/p>\n","protected":false},"author":1,"featured_media":30952,"comment_status":"open","ping_status":"open","sticky":false,"template":"","format":"standard","meta":{"beyondwords_generate_audio":"","beyondwords_project_id":"","beyondwords_podcast_id":"","beyondwords_hash":"","beyondwords_error_message":"","beyondwords_disabled":"","publish_post_to_speechkit":"","speechkit_generate_audio":"","speechkit_project_id":"","speechkit_podcast_id":"","speechkit_hash":"","speechkit_error_message":"","speechkit_disabled":"","speechkit_access_key":"","speechkit_error":"","speechkit_info":"","speechkit_response":"","speechkit_retries":"","_speechkit_link":"","_speechkit_text":""},"categories":[51],"tags":[82,122,44,46,781,7997,1207,52,6733,2962,891,3178,9874],"jetpack_featured_media_url":"","_links":{"self":[{"href":"https:\/\/pinews.com.br\/index.php\/wp-json\/wp\/v2\/posts\/30951"}],"collection":[{"href":"https:\/\/pinews.com.br\/index.php\/wp-json\/wp\/v2\/posts"}],"about":[{"href":"https:\/\/pinews.com.br\/index.php\/wp-json\/wp\/v2\/types\/post"}],"author":[{"embeddable":true,"href":"https:\/\/pinews.com.br\/index.php\/wp-json\/wp\/v2\/users\/1"}],"replies":[{"embeddable":true,"href":"https:\/\/pinews.com.br\/index.php\/wp-json\/wp\/v2\/comments?post=30951"}],"version-history":[{"count":0,"href":"https:\/\/pinews.com.br\/index.php\/wp-json\/wp\/v2\/posts\/30951\/revisions"}],"wp:featuredmedia":[{"embeddable":true,"href":"https:\/\/pinews.com.br\/index.php\/wp-json\/"}],"wp:attachment":[{"href":"https:\/\/pinews.com.br\/index.php\/wp-json\/wp\/v2\/media?parent=30951"}],"wp:term":[{"taxonomy":"category","embeddable":true,"href":"https:\/\/pinews.com.br\/index.php\/wp-json\/wp\/v2\/categories?post=30951"},{"taxonomy":"post_tag","embeddable":true,"href":"https:\/\/pinews.com.br\/index.php\/wp-json\/wp\/v2\/tags?post=30951"}],"curies":[{"name":"wp","href":"https:\/\/api.w.org\/{rel}","templated":true}]}}