{"id":30969,"date":"2022-02-15T17:36:01","date_gmt":"2022-02-15T20:36:01","guid":{"rendered":"https:\/\/pinews.com.br\/?p=30969"},"modified":"2022-02-15T17:36:01","modified_gmt":"2022-02-15T20:36:01","slug":"jovem-com-deficiencia-mental-desaparece-ao-tomar-banho-em-rio-no-piaui","status":"publish","type":"post","link":"https:\/\/pinews.com.br\/index.php\/2022\/02\/15\/jovem-com-deficiencia-mental-desaparece-ao-tomar-banho-em-rio-no-piaui\/","title":{"rendered":"Jovem com defici\u00eancia mental desaparece ao tomar banho em rio no Piau\u00ed"},"content":{"rendered":"\n<p>O jovem com defici\u00eancia mental, identificado como Jos\u00e9 Pereira Sales Filho, de 25 anos, desapareceu na tarde desta ter\u00e7a-feira (15) no Rio Parna\u00edba, pr\u00f3ximo ao Encontro dos Rios, Zona Norte de Teresina. O Corpo de Bombeiros foi acionado e iniciou as buscas pela v\u00edtima.<\/p>\n\n\n\n<p>Segundo o tenente Juarez, o jovem estava com duas crian\u00e7as de 10 e 12 anos tomando banho no rio, quando se afogou.<\/p>\n\n\n\n<p>&#8220;Os amigos viram o rapaz pedindo socorro, se afogando dentro do rio. Eles ainda jogaram ganhos, mas n\u00e3o conseguiram salvar o jovem&#8221;, informou.<\/p>\n\n\n\n<figure class=\"wp-block-image\"><img decoding=\"async\" src=\"https:\/\/s2.glbimg.com\/MFX5B9ttOBdIe_hOjhbuqkJNTPQ=\/0x0:1200x1600\/984x0\/smart\/filters:strip_icc()\/i.s3.glbimg.com\/v1\/AUTH_59edd422c0c84a879bd37670ae4f538a\/internal_photos\/bs\/2022\/D\/k\/pjtPKYSgKI5NWVwrNs7w\/vitima.jpg\" alt=\"Jos\u00e9 Pereira Sales Filho desapareceu no Rio Parna\u00edba, em Teresina \u2014 Foto: Anielle Brand\u00e3o\/TV Clube\"\/><figcaption>Jos\u00e9 Pereira Sales Filho desapareceu no Rio Parna\u00edba, em Teresina \u2014 Foto: Anielle Brand\u00e3o\/TV Clube<\/figcaption><\/figure>\n\n\n\n<p>A m\u00e3e da v\u00edtima esteve no local e contou que Jos\u00e9 estava trabalhando em um terreno pr\u00f3ximo ao Encontro dos Rios. Ap\u00f3s terminar o servi\u00e7o, ele foi at\u00e9 o rio com os dois vizinhos.<\/p>\n\n\n\n<p>&#8220;Os meninos chegaram em casa bastante nervosos e 30 minutos depois contaram que o Jos\u00e9 tinha se afogado. Eles contaram ter visto o meu filho descendo o Rio Parna\u00edba, s\u00f3 depois disso acionamos o Corpo de Bombeiros&#8221;, contou a m\u00e3e.<\/p>\n\n\n\n<p>As roupas e a carteira de Jos\u00e9 foram encontradas \u00e0s margens do rio. A m\u00e3e confirmou que o jovem tem defici\u00eancia mental.<\/p>\n\n\n\n<figure class=\"wp-block-image\"><img decoding=\"async\" src=\"https:\/\/s2.glbimg.com\/H4VqcFCwA4IRqNgMYU9mrbn2qOw=\/0x0:1600x1200\/984x0\/smart\/filters:strip_icc()\/i.s3.glbimg.com\/v1\/AUTH_59edd422c0c84a879bd37670ae4f538a\/internal_photos\/bs\/2022\/b\/6\/NBGMeNT0mDkJRKB18zgQ\/roupas.jpg\" alt=\"Roupas e pertences de Jos\u00e9 foram encontrados \u00e0s margens do Rio Parna\u00edba \u2014 Foto: Anielle Brand\u00e3o\/TV Clube\"\/><figcaption>Roupas e pertences de Jos\u00e9 foram encontrados \u00e0s margens do Rio Parna\u00edba \u2014 Foto: Anielle Brand\u00e3o\/TV Clube<\/figcaption><\/figure>\n\n\n\n<p><strong>Fonte: G1 PI<\/strong><\/p>\n","protected":false},"excerpt":{"rendered":"<p>O jovem com defici\u00eancia mental, identificado como Jos\u00e9 Pereira Sales Filho, de 25 anos, desapareceu na tarde desta ter\u00e7a-feira (15) no Rio Parna\u00edba, pr\u00f3ximo ao Encontro dos Rios, Zona Norte de Teresina. O Corpo de Bombeiros foi acionado e iniciou as buscas pela v\u00edtima. Segundo o tenente Juarez, o jovem estava com duas crian\u00e7as de [&hellip;]<\/p>\n","protected":false},"author":1,"featured_media":30970,"comment_status":"open","ping_status":"open","sticky":false,"template":"","format":"standard","meta":{"beyondwords_generate_audio":"","beyondwords_project_id":"","beyondwords_podcast_id":"","beyondwords_hash":"","beyondwords_error_message":"","beyondwords_disabled":"","publish_post_to_speechkit":"","speechkit_generate_audio":"","speechkit_project_id":"","speechkit_podcast_id":"","speechkit_hash":"","speechkit_error_message":"","speechkit_disabled":"","speechkit_access_key":"","speechkit_error":"","speechkit_info":"","speechkit_response":"","speechkit_retries":"","_speechkit_link":"","_speechkit_text":""},"categories":[51,81],"tags":[132,2284,6567,1630,46,266,6288,52,407,8795],"jetpack_featured_media_url":"","_links":{"self":[{"href":"https:\/\/pinews.com.br\/index.php\/wp-json\/wp\/v2\/posts\/30969"}],"collection":[{"href":"https:\/\/pinews.com.br\/index.php\/wp-json\/wp\/v2\/posts"}],"about":[{"href":"https:\/\/pinews.com.br\/index.php\/wp-json\/wp\/v2\/types\/post"}],"author":[{"embeddable":true,"href":"https:\/\/pinews.com.br\/index.php\/wp-json\/wp\/v2\/users\/1"}],"replies":[{"embeddable":true,"href":"https:\/\/pinews.com.br\/index.php\/wp-json\/wp\/v2\/comments?post=30969"}],"version-history":[{"count":0,"href":"https:\/\/pinews.com.br\/index.php\/wp-json\/wp\/v2\/posts\/30969\/revisions"}],"wp:featuredmedia":[{"embeddable":true,"href":"https:\/\/pinews.com.br\/index.php\/wp-json\/"}],"wp:attachment":[{"href":"https:\/\/pinews.com.br\/index.php\/wp-json\/wp\/v2\/media?parent=30969"}],"wp:term":[{"taxonomy":"category","embeddable":true,"href":"https:\/\/pinews.com.br\/index.php\/wp-json\/wp\/v2\/categories?post=30969"},{"taxonomy":"post_tag","embeddable":true,"href":"https:\/\/pinews.com.br\/index.php\/wp-json\/wp\/v2\/tags?post=30969"}],"curies":[{"name":"wp","href":"https:\/\/api.w.org\/{rel}","templated":true}]}}